{"id":893,"date":"2022-03-26T16:05:32","date_gmt":"2022-03-26T15:05:32","guid":{"rendered":"http:\/\/www.ballikombetar.org\/?p=893"},"modified":"2022-03-26T16:05:32","modified_gmt":"2022-03-26T15:05:32","slug":"si-e-pervetesuan-komunistet-shqiptare-luften-e-gjormit","status":"publish","type":"post","link":"http:\/\/www.ballikombetar.org\/index.php\/2022\/03\/26\/si-e-pervetesuan-komunistet-shqiptare-luften-e-gjormit\/","title":{"rendered":"Si e p\u00ebrvet\u00ebsuan komunist\u00ebt shqiptar\u00eb Luft\u00ebn e Gjormit"},"content":{"rendered":"\n<p>Gjormi \u00ebsht\u00eb nj\u00eb fshat i Vlor\u00ebs q\u00eb ndodhet n\u00eb an\u00eb t\u00eb Shushic\u00ebs ose si\u00e7 i thon\u00eb ndryshe lumit t\u00eb Vlor\u00ebs. N\u00eb k\u00ebt\u00eb vend nga data 28 dhjetor 1942 deri m\u00eb 3 janar 1943 \u00ebsht\u00eb zhvilluar nj\u00eb nga betejat m\u00eb t\u00eb suksesshme t\u00eb rezistenc\u00ebs shqiptare kund\u00ebr pushtuesit italian. N\u00eb k\u00ebt\u00eb betej\u00eb mor\u00ebn pjes\u00eb 1600 forca nacionaliste n\u00ebn drejtimin e komandantit t\u00eb Ballit Komb\u00ebtar Hysni Lepenic\u00ebs. Mori pjes\u00eb gjithashtu edhe nj\u00eb \u00e7et\u00eb partizane me 50 veta.<br>Forcat armike, mbi 3000, ishin t\u00eb p\u00ebrforcuara me artileri t\u00eb r\u00ebnd\u00eb dhe makina t\u00eb blinduara. T\u00eb vendosur n\u00eb pozicione t\u00eb forta rreth Gjormit, forcat nacionaliste t\u00eb Ballit Komb\u00ebtar luftuan armikun dhe pas kat\u00ebr dit\u00eb luftimesh t\u00eb ashpra e detyruan at\u00eb t\u00eb dor\u00ebzohet; pas k\u00ebsaj atij i erdh\u00ebn p\u00ebrforcime t\u00eb reja dhe arriti t\u00eb t\u00ebrhiqet duke l\u00ebn\u00eb pas ( sipas t\u00eb dh\u00ebnave t\u00eb BK) 186 t\u00eb vrar\u00eb, t\u00eb plagosur dhe rob\u00ebr, 3 topa, 29 mitraloza, 318 pushk\u00eb, 22 arka me municion dhe shum\u00eb materiale t\u00eb tjera, s\u00eb bashku me komandantin, kolonel Franco Clementi.<br>Kjo betej\u00eb pati nj\u00eb r\u00ebnd\u00ebsi t\u00eb madhe sepse ishte hera e par\u00eb q\u00eb forcat e rezistenc\u00ebs shqiptare thyenin nj\u00eb ushtri italiane t\u00eb armatosur me mjete t\u00eb r\u00ebnda n\u00eb nj\u00eb luft\u00eb frontale. Forcat e Ballit Komb\u00ebtar n\u00eb vazhdim\u00ebsi t\u00eb k\u00ebsaj fitoreje madh\u00ebshtore, do t\u00eb zhvillonin me sukses beteja t\u00eb tjera kund\u00ebr forcave italiane : Beteja e Greshic\u00ebs (Mallakast\u00ebr) n\u00eb 5 shkurt 1943, Beteja e Ruzhdijes m\u00eb 11 deri n\u00eb 13 mars 1943 e shum\u00eb beteja t\u00eb tjera t\u00eb cilat e trondit\u00ebn pushtimin itialian dhe \u00e7liruan krahina t\u00eb t\u00ebra t\u00eb Shqip\u00ebris\u00eb s\u00eb jugut.<br>Natyrisht q\u00eb historiografia komuniste nuk e p\u00ebrmend kurr\u00eb luft\u00ebn e Ballit Komb\u00ebtar kund\u00ebr pushtuesit italian. Por betejat e zhvilluara nga nacionalist\u00ebt i p\u00ebrvet\u00ebson n\u00eb m\u00ebnyr\u00ebn m\u00eb t\u00eb paskrupullt. Rasti m\u00eb flagrant \u00ebsht\u00eb pik\u00ebrisht ai i betej\u00ebs s\u00eb Gjormit p\u00ebr t\u00eb cil\u00ebn fol\u00ebm m\u00eb sip\u00ebr. Ja si e p\u00ebrshkruan historiografia komuniste k\u00ebt\u00eb betej\u00eb :<br>\u00ab&nbsp;\u2026 Komiteti qarkor i Partis\u00eb p\u00ebr Vlor\u00ebn dha kushtrimin q\u00eb armiku t\u00eb pritej me luft\u00eb. S\u00eb bashku me partizan\u00ebt, u ngrit\u00ebn m\u00eb k\u00ebmb\u00eb me arm\u00eb n\u00eb dor\u00eb rreth 1500 fshatar\u00eb trima t\u00eb Vlor\u00ebs, t\u00eb Kurveleshit e t\u00eb Mallakastr\u00ebs dhe me qindra t\u00eb tjer\u00eb u vun\u00eb n\u00eb gatishm\u00ebri. Forcat kryengrit\u00ebse u drejtuan nga Hysni Kapo. Luftimet m\u00eb t\u00eb ashpra u zhvilluan n\u00eb af\u00ebrsi t\u00eb fshatit Gjorm. Me luft\u00ebn heroike t\u00eb partizan\u00ebve dhe t\u00eb popullit t\u00eb armatosur, me gjith\u00eb tradhtin\u00eb e nj\u00eb \u00e7ete balliste q\u00eb dezertoi nga fronti i luft\u00ebs, m\u00ebsymja e armikut u ndal dhe u thye m\u00eb 1 janar. Forcat partizane m\u00eb 2 janar kaluan n\u00eb sulm kund\u00ebr forcave armike, q\u00eb ishin rrethuar n\u00eb fshatin Gjorm. Fashist\u00ebt p\u00ebsuan disfat\u00eb duke l\u00ebn\u00eb n\u00eb fush\u00ebn e betej\u00ebs m\u00eb se 60 t\u00eb vrar\u00eb bashk\u00eb me komandantin e operacionit, Klementis\u2026.\u00bb<\/p>\n\n\n\n<p>Si\u00e7 shihet propaganda komuniste forcat nacionaliste t\u00eb Ballit Komb\u00ebtar i quan \u00ab&nbsp;fshatar\u00eb trima&nbsp;\u00bb dhe nga ana tjet\u00ebr akuzon se \u00ab&nbsp;nj\u00eb \u00e7et\u00eb balliste paska dezertuar&nbsp;\u00bb, kur aty ka patur 1600 forca balliste. Dhe m\u00eb n\u00eb fund as e p\u00ebrmendin fare Hysni Lepenic\u00ebn, por e z\u00ebvend\u00ebsojn\u00eb me Hysni Kapon!<\/p>\n\n\n\n<p>Lufta e Gjormit nuk \u00ebsht\u00eb e vetmja q\u00eb p\u00ebrvet\u00ebsuan komunist\u00ebt. Shum\u00eb beteja t\u00eb tjera t\u00eb Ballit Komb\u00ebtar jan\u00eb p\u00ebrvet\u00ebsuar nga partia komuniste , disa t\u00eb tjera jan\u00eb l\u00ebn\u00eb q\u00ebllimisht n\u00eb harres\u00eb dhe nga ana tjet\u00ebr \u00e7do betej\u00eb e partizan\u00ebve \u00ebsht\u00eb glorifikuar n\u00eb maksimum. E v\u00ebrteta \u00ebsht\u00eb se n\u00eb luft\u00ebn kund\u00ebr italian\u00ebve Balli Komb\u00ebtar ka qen\u00eb forca kryesore e rezistenc\u00ebs dhe ka luajtur nj\u00eb rol kryesor, gj\u00eb t\u00eb cil\u00ebn komunist\u00ebt jan\u00eb p\u00ebrpjekur t\u2019ia fshehin shqiptar\u00ebve dhe bot\u00ebs s\u00eb jashtme me an\u00eb t\u00eb propagand\u00ebs s\u00eb tyre dhe rishkrimit t\u00eb historis\u00eb si\u00e7 iu duhej atyre n\u00eb koh\u00ebn e diktatur\u00ebs. E kush do t\u2019i kund\u00ebrshtonte, duke patur parasysh se ai q\u00eb do t\u00eb guxonte t\u00eb b\u00ebnte k\u00ebt\u00eb t\u00eb pakt\u00ebn do t\u00eb d\u00ebnohej me 10 vjet burgim p\u00ebr \u00ab&nbsp;agjitacion dhe propagand\u00eb&nbsp;\u00bb.<\/p>\n\n\n\n<p>Sot ka ardhur koha q\u00eb shqiptar\u00ebt t\u00eb m\u00ebsojn\u00eb t\u00eb v\u00ebrtet\u00ebn p\u00ebr luft\u00ebn \u00e7lirimtare dhe rezistenc\u00ebn e shqiptar\u00ebve ndaj pushtimit t\u00eb huaj gjat\u00eb Luft\u00ebs s\u00eb Dyt\u00eb Bot\u00ebrore. Historian\u00ebt e v\u00ebrtet\u00eb, dhe jo ata t\u00eb dal\u00eb nga shkolla e marksiz\u00ebm-leninizmit, duhet t\u00eb hulumtojn\u00eb me kujdes at\u00eb periudh\u00eb kritike p\u00ebr kombin shqiptar dhe t\u2019ia tregojn\u00eb t\u00eb v\u00ebrtet\u00ebn shqiptar\u00ebve, sepse vet\u00ebm k\u00ebshtu brezat q\u00eb vijn\u00eb mund ta kuptojn\u00eb historin\u00eb e tyre dhe t\u00eb m\u00ebsojn\u00eb nga ajo.<\/p>\n\n\n\n<p>Balli Komb\u00ebtar ka qen\u00eb nj\u00eb nga p\u00ebrfaq\u00ebsuesit m\u00eb t\u00eb fuqish\u00ebm dhe t\u00eb past\u00ebr t\u00eb nacionalizmit shqiptar. Duke sulmuar BK, komunist\u00ebt kan\u00eb sulmuar vet\u00eb nacionalizmin dhe kombin shqiptar n\u00eb momente shum\u00eb kritike p\u00ebr t\u00eb. Historia e dekadave t\u00eb fundit na ka treguar se k\u00ebto goditje i kan\u00eb sjell\u00eb d\u00ebme t\u00eb m\u00ebdha kombit shqiptar, prandaj duhet t\u00eb ndalen. Edhe sot i shohim pasardh\u00ebsit e komunist\u00ebve q\u00eb me projekte si \u00ab&nbsp;Ballkani i hapur&nbsp;\u00bb ta luftojn\u00eb me zell nacionalizmin shqiptar dhe kombin shqiptar dhe t\u00eb vendosen kund\u00ebr intersave komb\u00ebtare dhe n\u00eb an\u00ebn e gabuar t\u00eb historis\u00eb.<\/p>\n\n\n\n<p>Ka ardhur koha q\u00eb kjo marr\u00ebzi t\u00eb marr\u00eb fund. Shqiptar\u00ebt duhet t\u2019i japin fund nj\u00ebher\u00eb e mir\u00eb aventur\u00ebs komuniste dhe t\u2019iu kthehen vlerave thjesht komb\u00ebtare. Vet\u00ebm k\u00ebshtu mund t\u00eb krijojn\u00eb nj\u00eb t\u00eb ardhme m\u00eb t\u00eb mir\u00eb, t\u00eb sigurt dhe t\u00eb begat\u00eb. P\u00ebr fat t\u00eb mir\u00eb Shqiptar\u00ebt sot e kan\u00eb mund\u00ebsin\u00eb q\u00eb ta vendosin t\u00eb ardhmen e tyre n\u00ebp\u00ebrmjet vot\u00ebs. Por duhet t\u00eb din\u00eb dhe t\u00eb zgjedhin p\u00ebr k\u00eb t\u00eb votojn\u00eb. Shqiptar\u00ebt nuk duhet t\u00eb votojn\u00eb m\u00eb p\u00ebr bijt\u00eb e komunist\u00ebve q\u00eb i g\u00ebnjejn\u00eb dhe i mashtrojn\u00eb me nj\u00eb cop\u00eb buk\u00eb, t\u00eb cil\u00ebn ua marrin p\u00ebrs\u00ebri sapo mbarojn\u00eb pun\u00eb. Ka ardhur koha q\u00eb Shqiptar\u00ebt t\u00eb votojn\u00eb p\u00ebr njer\u00ebz t\u00eb rinj, q\u00eb vlerat komb\u00ebtare dhe demokratike i vendosin mbi gjith\u00e7ka. Ka ardhur koha q\u00eb Shqiptar\u00ebt t\u00eb votojn\u00eb p\u00ebr sh\u00ebrbestar\u00eb t\u00eb Kombit!<\/p>\n\n\n\n<p><strong>Xhemil Me\u00e7o<\/strong><\/p>\n","protected":false},"excerpt":{"rendered":"<p>Gjormi \u00ebsht\u00eb nj\u00eb fshat i Vlor\u00ebs q\u00eb ndodhet n\u00eb an\u00eb t\u00eb Shushic\u00ebs ose si\u00e7 i thon\u00eb ndryshe [&hellip;]<\/p>\n","protected":false},"author":1,"featured_media":0,"comment_status":"closed","ping_status":"closed","sticky":false,"template":"","format":"standard","meta":[],"categories":[3,102,2,7,8],"tags":[],"_links":{"self":[{"href":"http:\/\/www.ballikombetar.org\/index.php\/wp-json\/wp\/v2\/posts\/893"}],"collection":[{"href":"http:\/\/www.ballikombetar.org\/index.php\/wp-json\/wp\/v2\/posts"}],"about":[{"href":"http:\/\/www.ballikombetar.org\/index.php\/wp-json\/wp\/v2\/types\/post"}],"author":[{"embeddable":true,"href":"http:\/\/www.ballikombetar.org\/index.php\/wp-json\/wp\/v2\/users\/1"}],"replies":[{"embeddable":true,"href":"http:\/\/www.ballikombetar.org\/index.php\/wp-json\/wp\/v2\/comments?post=893"}],"version-history":[{"count":1,"href":"http:\/\/www.ballikombetar.org\/index.php\/wp-json\/wp\/v2\/posts\/893\/revisions"}],"predecessor-version":[{"id":894,"href":"http:\/\/www.ballikombetar.org\/index.php\/wp-json\/wp\/v2\/posts\/893\/revisions\/894"}],"wp:attachment":[{"href":"http:\/\/www.ballikombetar.org\/index.php\/wp-json\/wp\/v2\/media?parent=893"}],"wp:term":[{"taxonomy":"category","embeddable":true,"href":"http:\/\/www.ballikombetar.org\/index.php\/wp-json\/wp\/v2\/categories?post=893"},{"taxonomy":"post_tag","embeddable":true,"href":"http:\/\/www.ballikombetar.org\/index.php\/wp-json\/wp\/v2\/tags?post=893"}],"curies":[{"name":"wp","href":"https:\/\/api.w.org\/{rel}","templated":true}]}}