{"id":528,"date":"2021-10-31T15:53:50","date_gmt":"2021-10-31T14:53:50","guid":{"rendered":"http:\/\/www.ballikombetar.org\/?p=528"},"modified":"2021-10-31T15:53:50","modified_gmt":"2021-10-31T14:53:50","slug":"klubi-i-turpeve-te-perbashketa","status":"publish","type":"post","link":"http:\/\/www.ballikombetar.org\/index.php\/2021\/10\/31\/klubi-i-turpeve-te-perbashketa\/","title":{"rendered":"Klubi i turpeve t\u00eb p\u00ebrbashk\u00ebta"},"content":{"rendered":"<p><em>Me rastin e vdekjes s\u00eb ish-prokurorit xhelat komunist Arianit \u00c7ela<\/em><\/p>\n<p>N\u00eb nj\u00eb takim me kryetar\u00ebt e bashkive t\u00eb vendit t\u00eb premten q\u00eb kaloi, Kryeministri i Shqip\u00ebris\u00eb, Z. Edi Rama, e ka cil\u00ebsuar \u201cturp t\u00eb p\u00ebrbashk\u00ebt\u201d \u00e7\u00ebshtjen e mbetjeve, an\u00eb e mban\u00eb vendit. Ai u ka b\u00ebr\u00eb thirrje kryetar\u00ebve t\u00eb bashkive q\u00eb t\u00eb mobilizohen p\u00ebr pastrimin e mbeturinave.<\/p>\n<p>Fillimisht, nuk isha i sigurt se cilave mbeturina po i referohej Z. Rama, duke marr\u00eb me mend se ndoshta e ka fjal\u00ebn p\u00ebr \u201cmbeturinat e komunizmit\u201d, por jo, Kryeministri shqiptar po u fliste kryetar\u00ebve t\u00eb bashkive p\u00ebr \u201c\u00e7eshtjen e mbetjeve\u201d, atyre mbetjeve q\u00eb shihen grumbuj an\u00ebs rrug\u00ebve dhe n\u00eb hyrje t\u00eb qyteteve, por edhe n\u00eb zona t\u00eb izoluara. Kryeministri Rama ka t\u00eb drejt\u00eb se, \u201c\u00e7eshtja e mbetjeve\u201d \u00ebsht\u00eb nj\u00eb problem serioz p\u00ebr vendin, por n\u00eb mendimin tim jo aq serioz sa \u201cmbetjet ose mbeturinat komuniste\u201d, gjith\u00eb ato qelizat e atij ish-regjimi q\u00eb gjallojn\u00eb ende n\u00eb Shqip\u00ebri, si askund tjet\u00ebr n\u00eb Evrop\u00eb, e q\u00eb vazhdojn\u00eb t\u00eb influencojn\u00eb jet\u00ebn politike, shoq\u00ebrore dhe akademike \u2013 por edhe drejt\u00ebsin\u00eb \u2013 e sidomos drejt\u00ebsin\u00eb, n\u00eb at\u00eb vend.<\/p>\n<p>Mediat njoftojn\u00eb se Z. Rama u premtoi krye-bashkiak\u00ebve se ai do ua zgjidh\u00eb atyre problemin e \u201cmbetjeve\u201d, duke filluar nga marsi q\u00eb vjen, kur dy satelit\u00ebt q\u00eb do i hedhi ai n\u00eb orbit (To the moon Alice, to the moon\u201d), do t\u00eb identifikojn\u00eb grumbujt e k\u00ebtyre mbetjeve, sikur nuk i shohin tani se ku jan\u00eb &#8212; edhe pa satelit.<\/p>\n<p>Nejse, kur lexova jav\u00ebn q\u00eb kaloi p\u00ebr vdekjen e nj\u00ebrit prej kryexhelat\u00ebve t\u00eb komunizmit dhe pas njoftimit t\u00eb Z. Rama se Shqip\u00ebria do t\u00eb vendos satelit\u00eb n\u00eb orbit thash\u00eb me vete ndoshta Tirana zyrtare e ka n\u00eb mend t\u00eb p\u00ebrdor mjetet m\u00eb t\u00eb sofistikuara t\u00eb teknologjis\u00eb moderne, p\u00ebrfshir satelit\u00ebt, p\u00ebr t\u00eb zbuluar pas 30-vjet\u00eb \u201cpost-komuniz\u00ebm\u201d, se ku jan\u00eb hedhur eshtrat e mij\u00ebra viktimave, kund\u00ebrshtar\u00eb t\u00eb komunzimit t\u00eb Enver Hoxh\u00ebs. Mendova k\u00ebshtu, p\u00ebrball\u00eb k\u00ebrkesave t\u00eb fundit t\u00eb disa organizatave nd\u00ebrkomb\u00ebtare nd\u00ebrkomb\u00ebtare, por edhe detyrimeve shtet\u00ebrore nd\u00ebrkomb\u00ebtare t\u00eb Shqip\u00ebris\u00eb se ai vend duhet t\u00eb b\u00ebj\u00eb m\u00eb shum\u00eb p\u00ebr t\u00eb gjetur eshtrat e viktimave t\u00eb komunizmit, t\u00eb shp\u00ebrndara an\u00eb e mban\u00eb vendit.<br \/>\nN\u00eb raportin e fundit t\u00eb Brukselit, dor\u00ebzuar, disa dit\u00eb m\u00eb par\u00eb, n\u00eb Tiran\u00eb \u2013 nd\u00ebr t\u00eb tjera i k\u00ebrkohet, qeveris\u00eb dhe drejt\u00ebsis\u00eb shqiptare, nj\u00eb angazhim serioz p\u00ebr t\u00eb gjetur eshtrat e personave t\u00eb zhdukur me forc\u00eb gjat\u00eb regjimit komunist t\u00eb Enver Hoxh\u00ebs. N\u00eb raportin e Komisionit Evropian 2021 p\u00ebr Shqip\u00ebrin\u00eb thuhet se gjat\u00eb periudh\u00ebs q\u00eb mbulon raporti n\u00eb fjal\u00eb, prokuror\u00ebt shqiptar\u00eb nuk b\u00ebn\u00eb asgj\u00eb: drejt\u00ebsia e re ka d\u00ebshtuar t\u00eb b\u00ebj\u00eb hetime p\u00ebr gjetjen eshtrave t\u00eb personave t\u00eb humbur gjat\u00eb periudh\u00ebs s\u00eb komunizmit. Raporti i Brukselit flet p\u00ebr mos vullnet politik, si nga pozita ashtu edhe nga opozita gjat\u00eb 30-viteve tranzicion n\u00eb Shqip\u00ebri, p\u00ebr tu marr\u00eb me \u00e7eshtjen e krimeve t\u00eb komunizmit, p\u00ebrfshir edhe d\u00ebshtimin e k\u00ebsaj klase politike p\u00ebr t\u00eb marr\u00eb masa konkrete p\u00ebr nd\u00ebrgjegj\u00ebsimin e publikut shqiptar n\u00eb lidhje me k\u00ebt\u00eb \u00e7eshtje, thuhet n\u00eb raportin e Brukselit p\u00ebr Shqip\u00ebrin\u00eb, 2021. Megjith\u00ebse von\u00eb, t\u00eb pak\u00ebn Brukseli filloi t\u00eb flas\u00eb p\u00ebr k\u00ebt\u00eb \u00e7eshtje me r\u00ebnd\u00ebsi, sidomos p\u00ebr familjet e viktimave t\u00eb komunizmit n\u00eb Shqip\u00ebri dhe n\u00eb Shtetet e Bashkuara t\u00eb Amerik\u00ebs.<\/p>\n<p>Partit\u00eb dhe politikan\u00ebt shqiptar\u00eb \u2013 t\u00eb ashtuquajturave qeveri t\u00eb \u201cmajta e t\u00eb djathta\u201d, jan\u00eb antar\u00ebt origjinal t\u00eb k\u00ebtij klubi t\u00eb turpsh\u00ebm q\u00eb p\u00ebr 30-vjet\u00eb nuk kan\u00eb b\u00ebr\u00eb asgj\u00eb p\u00ebr t\u00eb zbardhur fatin e keq t\u00eb mij\u00ebra viktimave t\u00eb komunizmit. Ata nuk kan\u00eb bashkpunuar as me organizatat nd\u00ebrkomb\u00ebtare q\u00eb kana\u00eb qen\u00eb dhe jan\u00eb gati t\u00eb ndihmojn\u00eb n\u00eb k\u00ebt\u00eb drejtim. Nuk kan\u00eb d\u00ebnuar krimet e komunizmit dhe nuk jan\u00eb distancuar nga e kaluara komuniste. Ashtu si edhe p\u00ebrfaq\u00ebsit\u00eb diplomatike n\u00eb Tiran\u00eb, gjat\u00eb dekadave e deri m\u00eb sot, klasa politike shqiptare ka heshtur p\u00ebr krimet dhe viktimat e regjimit komunist t\u00eb Enver Hoxh\u00ebs, sikur viktimat e komunizmit n\u00eb Shqip\u00ebri t\u00eb ishin d\u00ebrguar n\u00eb ndonj\u00eb piknik. Klasa politike shqiptare e ka treguar, gjat\u00eb k\u00ebtyre dekadave, arroganc\u00ebn e saj duke mos treguar asnj\u00eb interesim p\u00ebr viktimat e komunizmit dhe nuk presim gj\u00eb prej tyre. Por ajo q\u00eb m\u00eb \u201cdjeg\u201d mua dhe shum\u00eb shqiptaro-amerikan\u00eb \u00ebsht\u00eb mos interesimi i nd\u00ebrkomb\u00ebtar\u00ebve p\u00ebr k\u00ebt\u00eb tragjedi t\u00eb viktimave t\u00eb komunizmit dhe t\u00eb familjeve t\u00eb tyre, brenda dhe jasht\u00eb vendit. Si p\u00ebrfundim, p\u00ebrfaqsuesit diplomatik\u00eb n\u00eb Tiran\u00eb, me HESHTJEN e tyre ndaj krimeve t\u00eb Enver Hoxh\u00ebs dhe viktimave t\u00eb komunizmit n\u00eb syt\u00eb e shum\u00eb njer\u00ebzve, duan a s\u2019duan, tani jan\u00eb b\u00ebr\u00eb pjes\u00eb &#8212; e pafalshme dhe e pa-pranueshme p\u00ebr rolin e tyre diplomatik &#8212; e k\u00ebtij \u201cturpi t\u00eb p\u00ebrbashk\u00ebt\u201d me p\u00ebrfaqsuesit arrogant\u00eb t\u00eb politik\u00ebs aktuale shqiptare. Frank Shkreli: Piktori i Kampeve t\u00eb vdekjes t\u00eb regjimit t\u00eb Enver Hoxh\u00ebs | Gazeta Telegraf. Viktimat e pafajshme t\u00eb komunizmit n\u00eb Shqip\u00ebri jan\u00eb vrar\u00eb dhe ekzekutuar nga shteti shqiptar me urdh\u00ebr t\u00eb prokuror\u00ebve xhelat\u00eb si Arianit \u00c7ela, i cili vdiq jav\u00ebn e kaluar. Prandaj &#8212; kjo klas\u00eb politike sot, \u201ct\u00eb majt\u00eb e t\u00eb djatht\u00eb\u201d, p\u00ebr mire a p\u00ebr keq, m\u00eb s\u00ebs shumti p\u00ebr keq \u2013 fatkeqsisht, ju jeni sot shteti shqiptar. Ju duhet t\u00eb merrni p\u00ebrgjegj\u00ebsi dhe t\u00eb k\u00ebrkoni drejt\u00ebsi p\u00ebr viktimat e pafajshme t\u00eb komunizmit, nq\u00eboftse jo p\u00ebr ataa vet, at\u00ebher\u00eb p\u00ebr familjet e tyre. K\u00ebshtu duhej t\u00eb vepronte nj\u00eb shtet modern i shekullit XXI, i cili pretendon t\u00eb d\u00ebrgoj\u00eb satelit n\u00eb orbit. Nd\u00ebrsa nd\u00ebrkomb\u00ebtar\u00ebt &#8212; qoft\u00eb p\u00ebrfaqsuesit e Brukselit qoft\u00eb t\u00eb Washingtonit &#8212; duhej dhe duhet t\u00eb k\u00ebrkoni p\u00ebrgjegj\u00ebsi prej p\u00ebrfaq\u00ebsuesve t\u00eb shtetit shqiptar n\u00eb lidhje me k\u00ebt\u00eb \u00e7eshtje me r\u00ebnd\u00ebsi tep\u00ebr morale, por edhe politike e shoq\u00ebrore.<\/p>\n<p>Sa i p\u00ebrket k\u00ebsaj \u00e7\u00ebshtjeje \u2013 viktimave t\u00eb komunizmit dhe t\u00eb kaluar\u00ebs komuniste n\u00eb at\u00eb vend &#8212; edhe ju q\u00eb p\u00ebrfaq\u00ebsoni Evrop\u00ebn dhe Amerik\u00ebn n\u00eb Tiran\u00ebn \u201cpost-komuniste, me heshtjen tuaj, jeni po aq p\u00ebrgjegj\u00ebs p\u00ebr k\u00ebt\u00eb mohim t\u00eb historis\u00eb dhe mos p\u00ebrballimit t\u00eb Tiran\u00ebs zyrtare me t\u00eb kaluar\u00ebn komuniste, sa edhe vet\u00eb Tirana zyrtare. Megjith\u00eb q\u00ebllimet e mira tuajat, n\u00eb lidhje me k\u00ebt\u00eb \u00e7eshtje t\u00eb r\u00ebnd\u00ebsishme, ju jeni n\u00eb rrug\u00eb t\u00eb gabuar. Ju kini braktisur, p\u00ebr t\u00eb mos th\u00ebn\u00eb se po abuzoni me rolin tuaj sa i p\u00ebrket k\u00ebsaj \u00e7eshtjeje me r\u00ebnd\u00ebsi morale. Si\u00e7 e kam then\u00eb disa her\u00eb n\u00eb t\u00eb kaluar\u00ebn \u2013 duke thirrur si Sh\u00ebn Gjon Pag\u00ebzuesi n\u00eb shkret\u00ebtir\u00eb: se p\u00ebr derisa nuk e adresoni t\u00eb kaluar\u00ebn komuniste n\u00eb Shqip\u00ebri &#8212; me HESHTJEN tuaj ndaj krimeve t\u00eb komunizmit n\u00eb Shqip\u00ebri \u2013 q\u00eb na i kujton sot aq brutalisht vdekja e xhelatit t\u00eb regjimit komunist Arianit \u00c7ela \u2013 ju jeni b\u00ebr\u00eb pal\u00eb me politik\u00ebn aktuale shqiptare, q\u00eb i mohon ato krime, gjithnj\u00eb. Me k\u00ebt\u00eb qendrim \u2013 q\u00eb \u00ebsht\u00eb v\u00ebshtir\u00eb t\u00eb justifikohet \u2013 ju nuk i b\u00ebni nder vetes as rolit tuaj si diplomat\u00eb per\u00ebndimor\u00eb. Me heshtjen tuaj ndaj krimeve t\u00eb tilla, ju nuk p\u00ebrfaq\u00ebsoni vlerat e demokracis\u00eb dhe liris\u00eb t\u00eb vendeve q\u00eb ju p\u00ebrfaq\u00ebsoni.<\/p>\n<p>T\u00eb shtun\u00ebn q\u00eb kaloi, Departmenti i Shtetit, nep\u00ebrmjet zedh\u00ebnsit t\u00eb vet, Z. Ned Price me nj\u00eb deklarat\u00eb me rastin e 65-vjetorit t\u00eb Revolucionit Hungarez, r\u00eb vitit 1956, p\u00ebrsh\u00ebndeti n\u00eb em\u00ebr t\u00eb Shteteve t\u00eb Bashkuara: \u201cNe kujtojm\u00eb burrat dhe grat\u00eb e guximshme (t\u00eb Revolucionit Hungarez), t\u00eb cil\u00ebt luftuan nep\u00ebr rrug\u00ebt e Budapeshtit n\u00eb mbrojtje t\u00eb liris\u00eb s\u00eb vendit t\u00eb tyre dhe liris\u00eb n\u00eb bot\u00eb. Pasioni i tyre p\u00ebr liri \u00ebsht\u00eb realizuar n\u00eb vitin 1989 kur Hungaria p\u00ebrqafoi demokracin\u00eb. Ne sh\u00ebnojm\u00eb k\u00ebt\u00eb p\u00ebrvjetor solemn s\u00eb bashku me Hungarin\u00eb, partnerin ton\u00eb dhe aleatin e NATO-s\u201d, thuhet nd\u00ebr t\u00eb tjera n\u00eb p\u00ebrsh\u00ebndetjen e Depatmentit t\u00eb Shtetit Amerikan me rastin e 65-vjetorit t\u00eb Revolucionit anti-komunist\/anti-sovjetik t\u00eb Hungaris\u00eb. Un\u00eb kam pas fatin e mir\u00eb t\u00eb punoja me disa pjes\u00ebmarr\u00ebs n\u00eb at\u00eb revolucion anti-komunist \u2013 koleg\u00eb gazetar\u00eb hungarez\u00eb &#8212; me t\u00eb cil\u00ebt kam punuar tek Z\u00ebri i Amerik\u00ebs p\u00ebr shum\u00eb vite. Nuk e kuptoj k\u00ebt\u00eb standard t\u00eb dyfisht\u00eb! Viktimat e komunizmit n\u00eb Shqip\u00ebri nuk meritojn\u00eb asgj\u00eb m\u00eb pak se viktimat e komunizmit kudo n\u00eb Evrop\u00ebn lindore dhe qendrore, p\u00ebrfshir ato t\u00eb Revolucionit hungarez.<\/p>\n<p>Nuk po mund t\u00eb mos p\u00ebrmend, me ket\u00eb rast, fjal\u00ebt e At Gjergj Fisht\u00ebs n\u00eb 150-vjetorin e lindjes, q\u00eb ai i ka p\u00ebrdor\u00eb n\u00eb Konferenc\u00ebn e Paq\u00ebs n\u00eb Paris m\u00eb 1919 se, \u201c Historin\u00eb e kemi aty, zotni t\u00eb mij, q\u00eb na flet kjart\u00eb, e asht kot q\u00eb hipokrizia diplomatike t\u00eb mundohet me ia shue zanin me shtupa notash zyrtare a se gjys\u00ebm-zyrtare\u2026\u201d. Heshtja e per\u00ebndimor\u00ebve ndaj krimeve t\u00eb komunizmit n\u00eb Shqip\u00ebri, sidomos heshtja e diplomat\u00ebve amerikan\u00eb p\u00ebr k\u00ebt\u00eb \u00e7eshtje, mua si shtetas amerikan\u00eb p\u00ebr pothuaj nj\u00eb gjys\u00ebm shekulli por edhe si taksapagues amerikan\u00eb, m\u00eb shqet\u00ebson shum\u00eb. M\u00eb shqet\u00ebson heshtja e diplomat\u00ebve amerikan\u00eb ndaj krimeve komuniste sepse nj\u00eb p\u00ebrqindje d\u00ebrmuese e viktimave t\u00eb komunizmit n\u00eb Shqip\u00ebri, disa prej tyre edhe shtetas amerikan\u00eb, t\u00eb cil\u00ebt prokurori komunist Arianit \u00c7ela i d\u00ebrgonte drejt\u00eb ekzekutimit ose burgimit, vet\u00ebm e vet\u00ebm, p\u00ebr lidhjet e tyre ose p\u00ebr respektin q\u00eb ata mund t\u00eb shprehnin p\u00ebr demokracin\u00eb dhe lirin\u00eb amerikane. D\u00ebnoheshin se d\u00ebgjonin Z\u00ebrin e Amerik\u00ebs (ku kam punuar p\u00ebr 30-vjet), me akuz\u00ebn e \u201cfamsh\u00ebme\u201d se kund\u00ebrshtar\u00ebt e regjimit komunist t\u00eb Enverit &#8212; sipas prokuror\u00ebve t\u00eb regjimit si Arianit \u00c7ela &#8212; vepronin, \u201cn\u00eb sh\u00ebrbim t\u00eb imperializmit amerikan kund\u00ebr republik\u00ebs son\u00eb popullore\u2026me mision p\u00ebr ta k\u00ebthyer vendin ton\u00eb n\u00eb nj\u00eb koloni t\u00eb imperializmit amerikan&#8230;\u201d. Sipas prokuror\u00ebve dhe gjyqtar\u00ebve komunist\u00eb, si pro-amerikan\u00eb q\u00eb ishin, kund\u00ebrshtar\u00ebt e komunizmit t\u00eb Enver Hoxh\u00ebs &#8212; si pro-amerikan\u00eb q\u00eb ishin &#8212; meritonin d\u00ebnimet maksimale, madje edhe vdekjen me ekzekutim. A nuk meritojn\u00eb k\u00ebto viktima t\u00eb komunizmit shqiptar, t\u00eb pak\u00ebn nj\u00eb kujtes\u00eb me nj\u00eb deklarat\u00eb!? Fatkeq\u00ebsisht, duket sikur drejt\u00ebsia e re p\u00ebr t\u00eb kapur hajdut\u00ebt e kotecave t\u00eb pulave sot \u00ebsht\u00eb shum\u00eb m\u00eb e r\u00ebnd\u00ebsishme, m\u00eb e moralshme dhe m\u00eb njer\u00ebzore se sa d\u00ebnimi i krimeve t\u00eb komunizmit dhe p\u00ebrballimi zyrtar me t\u00eb kaluar\u00ebn e tmershme komuniste n\u00eb Shqip\u00ebri.<\/p>\n<p>M\u00eb mir\u00eb von\u00eb se kurrr\u00eb, n\u00eb raportin e dit\u00ebve t\u00eb fundit t\u00eb Komisionit Evropian, cituar m\u00eb lart\u00eb, u k\u00ebrkohet prokuror\u00ebve shqiptar\u00eb q\u00eb t\u00eb hetojn\u00eb vrasjet dhe ekzekutimet me forc\u00eb gjat\u00eb regjimit barbar t\u00eb Enver Hoxh\u00ebs, \u201csi ngjarje kriminale dhe me persona p\u00ebrgjegj\u00ebs p\u00ebr ato krime\u201d. Ndoshta ishte i rastit fakti \u2013 ndoshta ishte nj\u00eb kujtim nga Per\u00ebndia &#8212; q\u00eb 2-3 dit\u00eb pas botimit t\u00eb raportit t\u00eb Komisionit Evropian, n\u00eb Shqip\u00ebri u njoftua vdekja e nj\u00ebrit prej atyre t\u00eb cil\u00ebve raporti u referohet si \u201cp\u00ebrgjegj\u00ebs t\u00eb atyre krimeve\u201d, gjat\u00eb regjimit kriminal t\u00eb Enver Hoxh\u00ebs.<br \/>\nShkoi n\u00eb rrethin e n\u00ebnt\u00eb t\u00eb ferrit t\u00eb Dant\u00ebs, Arianit \u00c7ela. Megjith\u00ebk\u00ebte, duke marr\u00eb parasysh faktin se si u trajtua ai nga \u201cdrejt\u00ebsia\u201d e Shqip\u00ebris\u00eb \u201cdemokratike\u201d sa ishte gjall\u00eb, Arianit \u00c7ela dhe disa ish-koleg\u00eb t\u00eb tij prokuror\u00eb e gjyqtar\u00eb &#8212; disa prej t\u00eb cil\u00ebve mund t\u00eb jen\u00eb edhe pjes\u00eb e sistemit t\u00eb \u201cdrejt\u00ebsis\u00eb s\u00eb re\u201d n\u00eb Shqip\u00ebri &#8212; mund t\u00eb konsiderohen si gurthemeli, si trashgimtar\u00eb t\u00eb denj\u00eb t\u00eb drejt\u00ebsis\u00eb s\u00eb Enver Hoxh\u00ebs ndaj kund\u00ebrshtar\u00ebve, mbi t\u00eb cilin pushon dhe vepron sot drejt\u00ebsia e re n\u00eb Shqip\u00ebri. Thash\u00eb me vete, pasi Ariant \u00c7el\u00ebs nuk i k\u00ebrkoi askush p\u00ebrgjegj\u00ebsi p\u00ebr krimet e tija monstroze n\u00eb k\u00ebt\u00eb bot\u00eb, tashti ai do t\u00eb p\u00ebrballet me drejt\u00ebsin\u00eb e v\u00ebretet\u00eb, para t\u00eb Madhit Zot p\u00ebr d\u00ebnimin e qindra e ndoshta edhe mij\u00ebra njer\u00ebz t\u00eb pafajsh\u00ebm, me burgosje, ekzekutime e deri me vdekje. Nj\u00eb z\u00eb mbrenda meje sikur m\u00eb korigjoi duke m\u00eb th\u00ebn\u00eb mos se po t\u00eb ndjen\u00eb ndokush dhe p\u00ebr inat t\u00ebndin vendosin t\u2019i japin edhe Arianit \u00c7el\u00ebs ndonj\u00eb dekorat\u00eb si, \u201ckampion drejt\u00ebsie\u201d p\u00ebr kontributet e tija n\u00eb reform\u00ebn e drejt\u00ebsis\u00eb s\u00eb re ose edhe \u201ckampion i anti-korrupsionit\u201d. Post-mortem, kuptohet.<\/p>\n<p>N\u00eb portalin \u201cKujto.al\u201d jepet nj\u00eb biografi e shkurt\u00ebr e k\u00ebtij krimineli t\u00eb \u201cdrejt\u00ebsis\u00eb\u201d s\u00eb Enver Hoxh\u00ebs. Aty thuhet se Arianit \u00c7ela, nj\u00ebri prej xhelat\u00ebve m\u00eb barbar t\u00eb komunizmit enverist, ka mbi 650 procese politike mbi shpin\u00eb nd\u00ebrsa gjith\u00eb jet\u00ebn e tij n\u00eb Shqip\u00ebrin\u00eb \u201cpost-komuniste\u201d e kaloi i patrazuar fare n\u00eb sht\u00ebpin\u00eb e tij aty n\u00eb Tiran\u00eb deri n\u00eb or\u00ebn q\u00eb vdiq, sipas portalit \u201cKujto.al\u201d, i pand\u00ebshkuar kurr\u00eb p\u00ebr asnj\u00eb nga krimet e kryera gjat\u00eb 45 viteve t\u00eb regjimit komunist.<br \/>\n\u201cDrejt\u00ebsia post-komuniste\u201d shqiptare n\u00eb veprim: Sipas portalit Kujto, al, Arianit \u00c7ela \u2013 pasi ka sh\u00ebrbyer si deputet 1958-1991) dhe an\u00ebtar i Komitetit Qendror t\u00eb Partis\u00eb s\u00eb Pun\u00ebs (pasardh\u00ebse e Partis\u00eb Komuniste dhe para-ardh\u00ebse e Partis\u00eb aktuale Socialiste) &#8212; \u00ebsht\u00eb arrestuar (\u201cn\u00eb koh\u00ebn e demokracis\u00eb\u201d) m\u00eb 3 n\u00ebntor 1993 dhe \u00ebsht\u00eb d\u00ebnuar me akuz\u00ebn, &#8220;P\u00ebr vepr\u00ebn penale t\u00eb shp\u00ebrdorimit t\u00eb detyr\u00ebs n\u00eb bashk\u00ebpunim me pasoj\u00eb shkeljen e paligjshme t\u00eb lirive e t\u00eb drejtave themelore t\u00eb njeriut dhe n\u00eb d\u00ebm t\u00eb jet\u00ebs s\u00eb personit, t\u00eb parashikuara nga nenet e Kodit Penal.&#8221; Pavar\u00ebsisht k\u00ebsaj, ai doli nga burgu n\u00eb ngjarjet e vitit 1997, me ardhjen n\u00eb pushtet t\u00eb Partis\u00eb Socialiste\u201d. Drejt\u00ebsia shqiptare e kishte shpallur at\u00eb t\u00eb pafajsh\u00ebm dhe madje kishte urdh\u00ebruar d\u00ebmshp\u00ebrblim p\u00ebr xhelatin, thuhet nd\u00ebr t\u00eb tjera p\u00ebr ish-prokurorin e vdekur komunist, Arianit \u00c7el\u00ebn. Deri m\u00eb sot, jo vet\u00ebm q\u00eb nuk u k\u00ebrkohet p\u00ebrgjegj\u00ebsi, harroje d\u00ebnimin e ish-prokorur\u00ebve, si Arianit \u00c7ela dhe ish-gjyqtar\u00ebve barbar\u00eb komunist\u00eb p\u00ebr krimet e tyre \u00e7\u2019njer\u00ebzore ndaj bashkv\u00ebll\u00ebz\u00ebrve\/motrave t\u00eb tyre, por disa nga ata po shp\u00ebrblehen dhe po dekorohen nga nd\u00ebrkomb\u00ebtar\u00ebt p\u00ebr sh\u00ebrbimet e tyre si \u201ckampion\u00eb t\u00eb drejt\u00ebsis\u00eb\u201d dhe t\u00eb \u201canti-korrupsionit\u201d. VAJMEDET!<\/p>\n<p>Fatkeq\u00ebsisht, shum\u00eb prej viktimave t\u00eb komunizmit t\u00eb Enver Hoxh\u00ebs n\u00eb Shqip\u00ebri, q\u00eb me n\u00ebnshkrimin e prokuror\u00ebve si xhelati Arianit \u00c7ela d\u00ebnuan me vdekje mij\u00ebra kund\u00ebrshtar\u00eb t\u00eb regjimit \u2013 nuk u dihen varret. Por, ne ua dijm\u00eb vendin se ku jan\u00eb. Jan\u00eb atje lart\u00eb, n\u00eb p\u00ebrjet\u00ebsi \u2013 n\u00eb jet\u00ebn e pasosur \u2013 prej ku shikojn\u00eb posht\u00eb dhe luten edhe p\u00ebr xhelat\u00ebt &#8212; q\u00eb brutalisht dhe arbitrarisht ua nd\u00ebrpren\u00eb jet\u00ebn n\u00eb k\u00ebt\u00eb tok\u00eb &#8212; duke then\u00eb: \u201cFali i Zot se nuk dinin s\u00eb \u00e7\u2019b\u00ebnin\u201d, ashtu si\u00e7 b\u00ebnin shum\u00eb prej tyre para se t\u00eb ekzekutoheshin \u2013 ishte tesatmenti i tyre i fundit. K\u00ebte e k\u00ebrkonte Enver Hoxha, donte t\u00eb dinte se cilat ishin fjal\u00ebt e fundit t\u00eb viktimave t\u00eb tija.<\/p>\n<p>Viktimat e komunizmit luten edhe p\u00ebr pushtetar\u00ebt e sot\u00ebm t\u00eb Tiran\u00ebs ndon\u00ebse 3 dekada pas shembjes s\u00eb komunizmit zyrtar, refuzojn\u00eb t\u00eb zbardhin at\u00eb histori t\u00eb tmershme, me q\u00ebllim q\u00eb t\u00eb mos p\u00ebrs\u00ebritet m\u00eb p\u00ebr brezat e ardh\u00ebsh\u00ebm t\u00eb shqiptar\u00ebve. Viktimat e komunizmit shqiptar luten edhe p\u00ebr diplomat\u00ebt per\u00ebndimor\u00eb n\u00eb Tiran\u00eb q\u00eb heshtin &#8212; e q\u00eb si\u00e7 duket me k\u00ebt\u00eb heshtje, kan\u00eb braktisur vlerat e vendeve q\u00eb ata p\u00ebrfaq\u00ebsojn\u00eb, duke mb\u00ebshtetur n\u00eb m\u00ebnyr\u00eb arrogante dhe pa kushte, k\u00ebt\u00eb klas\u00eb politike t\u00eb pap\u00ebrgjegj\u00ebshme e cila ndryshe nga shum\u00eb vende t\u00eb tjera ish-komuniste gjithnj\u00eb refuzon t\u00eb p\u00ebrballet, zyrtarisht, me t\u00eb kaluar\u00ebn komuniste dhe t\u00eb d\u00ebnoj\u00eb krimet e komunizmit. Nuk ka drejt\u00ebsi t\u00eb re as t\u00eb reformuar pa drejt\u00ebsi p\u00ebr viktimat e komunizmit n\u00eb Shqip\u00ebri! Ju t\u00eb nderuar diplomat\u00eb duhet t\u00eb dini pak m\u00eb mir\u00eb se kaq. P\u00ebr hir t\u00eb vendeve q\u00eb p\u00ebrfaq\u00ebsoni, mos u b\u00ebni pjes\u00eb e k\u00ebtij klubi \u201cturpesh t\u00eb p\u00ebrbashk\u00ebta\u201d t\u00eb politik\u00ebs s\u00eb f\u00eblliqt shqiptare n\u00eb lidhje me viktimat e komunizmit. Vdekja e Arianit \u00c7el\u00ebs, ish-prokurorit kriminel komunist, duhet t\u00eb jet\u00eb nj\u00eb rast reflektimi edhe p\u00ebr ju, t\u00eb nderuar diplomat\u00eb per\u00ebndimor\u00eb, sa i p\u00ebrket drejt\u00ebsis\u00eb p\u00ebr viktimat e pafajshme t\u00eb komunizmit, por edhe p\u00ebr \u00e7far\u00eb drejt\u00ebsie ka nevoj\u00eb sot Shqip\u00ebria. Qoft\u00eb edhe n\u00eb Shqip\u00ebri, ju duhet t\u00eb mbroni vlerat per\u00ebndimore, p\u00ebrfshir t\u00eb drejt\u00ebn p\u00ebr t\u00eb jetuar, lirin\u00eb dhe dinjitetin e \u00e7do personi, pa dallim dhe n\u00eb \u00e7do koh\u00eb dhe jo t\u00eb mbroni dhe t\u00eb promovoni njer\u00ebz t\u00eb caktuar t\u00eb politik\u00ebs dhe drejt\u00ebsis\u00eb \u2013 t\u00eb cil\u00ebt jan\u00eb indiferent ndaj krimeve t\u00eb nj\u00eb diktature komuniste, nd\u00ebr m\u00eb t\u00eb tmershmet e Evrop\u00ebs dhe bot\u00ebs.<\/p>\n<p>K\u00ebt\u00eb ia kini borxh qindra mij\u00ebra shqiptaro-amerikan\u00ebve, qytetar\u00eb t\u00eb denj\u00eb dhe taksapagues amerikan\u00eb t\u00eb cil\u00ebt, n\u00eb nj\u00eb m\u00ebnyr\u00eb ose nj\u00eb tjet\u00ebr, e kan\u00eb p\u00ebsuar keq nga komunizmi, nd\u00ebrkoh\u00eb q\u00eb gjat\u00eb sundimit komunist kan\u00eb humbur an\u00ebtar\u00eb t\u00eb familjeve nga vendimet kriminale t\u00eb n\u00ebnshkruara nga ish-prokuror\u00ebt komunist, si Arianit \u00c7ela. Eshtrat e k\u00ebtyre viktimave t\u00eb komunizmit, familjet e t\u00eb cil\u00ebve nuk din\u00eb as sot se ku i kan\u00eb hedhur xhelat\u00ebt e atij regjimi. \u00cbsht\u00eb shembulli i k\u00ebtyre viktimave t\u00eb komunizmit dhe i qendres\u00ebs s\u00eb tyre kund\u00ebr regjimit diktatorial &#8212; dhe jo nostalgjik\u00ebt e preferuar t\u00eb komunizmit t\u00eb Enver Hoxh\u00ebs \u2013 q\u00eb frym\u00ebzojn\u00eb shqiptar\u00ebt e Amerik\u00ebs se edhe kombi shqiptar do t\u00eb shoh dit\u00eb m\u00eb t\u00eb mira n\u00eb t\u00eb ardhmen. \u00cbsht\u00eb komuniteti shqiptaro-amerikan ai q\u00eb gjat\u00eb dekadave ka ruajtur dhe fuqizuar lidhjet me Shtetet e Bashkuara. \u00cbsht\u00eb ky komunitet dhe familjet e shqiptaro-amerikan\u00ebve q\u00eb \u2013 n\u00eb em\u00ebr t\u00eb Amerik\u00ebs dhe n\u00eb mbrojtje t\u00eb vlerave demokratike t\u00eb saj &#8212; kan\u00eb vuajtur m\u00eb s\u00eb shumti nga regjimi komunist i Enver Hoxh\u00ebs. \u00cbsht\u00eb nj\u00eb komunitet q\u00eb ka kontribuar dhe vazhdon t\u00eb kontriboj\u00eb n\u00eb zhvillimin e Shteteve t\u00eb Bashkuara, por i cili, n\u00eb em\u00ebr t\u00eb Amerik\u00ebs, edhe ka vuajtur m\u00eb shum\u00eb se t\u00eb tjer\u00ebt nga regjimi komunist. Si i till\u00eb, ky komunitet q\u00eb adhuron lirin\u00eb dhe demokracin\u00eb dhe q\u00eb dashuron Amerik\u00ebn dhe Shqip\u00ebrin\u00eb, meriton t\u00eb pak\u00ebn, q\u00eb p\u00ebrfaqsuesit diplomatik\u00eb amerikan\u00eb n\u00eb Tiran\u00eb, t\u00eb jen\u00eb disi m\u00eb t\u00eb ndjesh\u00ebm dhe m\u00eb t\u00eb kuptuesh\u00ebm p\u00ebr shqet\u00ebsimet e shqiptaro-amerikan\u00ebve p\u00ebr ato q\u00eb po ndodhin n\u00eb atdheun e tyre t\u00eb origjin\u00ebs, p\u00ebrfshir qendrimin e Shteteve t\u00eb Bashkuara n\u00eb lidhje me krimet e komunizmit dhe p\u00ebrballimin me t\u00eb kaluar\u00ebn komuniste t\u00eb Shqip\u00ebris\u00eb. Refuzimi i qeverive shqiptare p\u00ebr t\u2019u marr\u00eb me viktimat e komunizmit n\u00eb Shqip\u00ebri dhe p\u00ebr tu p\u00ebrballur, zyrtarisht, me t\u00eb kaluar\u00ebn komuniste si\u00e7 kan\u00eb b\u00ebr\u00eb shumica e vendeve ish-komuniste \u2013 ka vazhduar t\u00eb jet\u00eb nj\u00eb histori turpi p\u00ebr klas\u00ebn politike shqiptare \u201cpost-komuniste\u201d, si\u00e7 \u00ebsht\u00eb nj\u00eb histori turpi edhe heshtja e nd\u00ebrkomb\u00ebtar\u00ebve n\u00eb lidhje me k\u00ebt\u00eb \u00e7eshtje.<\/p>\n<p>O Zot bekoje Amerik\u00ebn dhe mbroje Shqip\u00ebrin\u00eb n\u00eb k\u00ebt\u00eb koh\u00eb kritike!<br \/>\n<strong>Frank Shkreli<\/strong><br \/>\n<em> Ish-Prokurori komunist Arianit \u00c7ela &#8212; Edhe ky si Nexhmije Hoxha dhe shum\u00eb komunist\u00eb t\u00eb tjer\u00eb shqiptar\u00eb \u2013 nga fashist n\u00eb komunist!<\/em><\/p>\n","protected":false},"excerpt":{"rendered":"<p>Me rastin e vdekjes s\u00eb ish-prokurorit xhelat komunist Arianit \u00c7ela N\u00eb nj\u00eb takim me kryetar\u00ebt e bashkive [&hellip;]<\/p>\n","protected":false},"author":1,"featured_media":0,"comment_status":"closed","ping_status":"closed","sticky":false,"template":"","format":"standard","meta":[],"categories":[3,102],"tags":[48],"_links":{"self":[{"href":"http:\/\/www.ballikombetar.org\/index.php\/wp-json\/wp\/v2\/posts\/528"}],"collection":[{"href":"http:\/\/www.ballikombetar.org\/index.php\/wp-json\/wp\/v2\/posts"}],"about":[{"href":"http:\/\/www.ballikombetar.org\/index.php\/wp-json\/wp\/v2\/types\/post"}],"author":[{"embeddable":true,"href":"http:\/\/www.ballikombetar.org\/index.php\/wp-json\/wp\/v2\/users\/1"}],"replies":[{"embeddable":true,"href":"http:\/\/www.ballikombetar.org\/index.php\/wp-json\/wp\/v2\/comments?post=528"}],"version-history":[{"count":1,"href":"http:\/\/www.ballikombetar.org\/index.php\/wp-json\/wp\/v2\/posts\/528\/revisions"}],"predecessor-version":[{"id":529,"href":"http:\/\/www.ballikombetar.org\/index.php\/wp-json\/wp\/v2\/posts\/528\/revisions\/529"}],"wp:attachment":[{"href":"http:\/\/www.ballikombetar.org\/index.php\/wp-json\/wp\/v2\/media?parent=528"}],"wp:term":[{"taxonomy":"category","embeddable":true,"href":"http:\/\/www.ballikombetar.org\/index.php\/wp-json\/wp\/v2\/categories?post=528"},{"taxonomy":"post_tag","embeddable":true,"href":"http:\/\/www.ballikombetar.org\/index.php\/wp-json\/wp\/v2\/tags?post=528"}],"curies":[{"name":"wp","href":"https:\/\/api.w.org\/{rel}","templated":true}]}}