{"id":399,"date":"2021-03-10T17:46:45","date_gmt":"2021-03-10T16:46:45","guid":{"rendered":"http:\/\/www.ballikombetar.org\/?p=399"},"modified":"2021-03-10T17:46:45","modified_gmt":"2021-03-10T16:46:45","slug":"abas-ermenji-apostull-i-vellazerimit-kombetar","status":"publish","type":"post","link":"http:\/\/www.ballikombetar.org\/index.php\/2021\/03\/10\/abas-ermenji-apostull-i-vellazerimit-kombetar\/","title":{"rendered":"Abas Ermenji &#8211; Apostull i v\u00ebllaz\u00ebrimit komb\u00ebtar"},"content":{"rendered":"<p><em>18 vjet m\u00eb par\u00eb, m\u00eb 10 mars 2003, u nda prej nesh nj\u00eb nga drejtuesit e Ballit Komb\u00ebtar gjat\u00eb luft\u00ebs dhe m\u00eb pas kryetari i Partis\u00eb Balli Komb\u00ebtar, Profesor Abas Ermenji.<\/em><\/p>\n<p><b><i>Fjala e Z. Luan Myftiu, me rastin e p\u00ebrcjelljes s\u00eb Prof. Abaz Ermenjit p\u00ebr n\u00eb banes\u00ebn e fundit! <\/i> <\/b><\/p>\n<p align=\"justify\">M\u00eb lejoni, zonja dhe zot\u00ebrinj, miq e dashamir\u00ebs, t&#8217;ju falenderoj n\u00eb em\u00ebr t\u00eb Partis\u00eb &#8220;Balli Komb\u00ebtar&#8221; q\u00eb keni ardhur sot k\u00ebtu t&#8217;i jepni lamtumir\u00ebn e fundit prof. Abaz Ermenjit, k\u00ebtij m\u00ebm\u00ebdhetari, q\u00eb e deshi Shqip\u00ebrin\u00eb m\u00eb tep\u00ebr se veten!<\/p>\n<p align=\"justify\">T&#8217;Ju falenderoj, zot\u00ebrinj, p\u00ebr fisnik\u00ebrin\u00eb Tuaj! P\u00ebr bukurin\u00eb e shqiptarizmit Tuaj! Se, kush nderon Abaz Ermenjin, p\u00ebrve\u00e7 vetes, k\u00ebrkon t\u00eb nderoj\u00eb t\u00ebr\u00eb pasurit\u00eb morale dhe shpirt\u00ebrore q\u00eb krijon kjo tok\u00eb. Kush nderon Abaz Ermenjin synon ta b\u00ebj\u00eb jet\u00ebn e vet t\u00eb dobishme, si ky burr\u00eb, p\u00ebr lart\u00ebsimin e Shqip\u00ebris\u00eb! Se, Abaz Ermenji e sakrifikoi jet\u00ebn e tij vet\u00ebm p\u00ebr nj\u00eb Shqip\u00ebri t\u00eb shqiptar\u00ebve! Se bashk\u00eb me Mid&#8217;hat Frash\u00ebrin Ai ngriti lart flamurin v\u00ebllaz\u00ebrues &#8220;Partia jon\u00eb \u00ebsht\u00eb Shqip\u00ebria!&#8221;<\/p>\n<p align=\"justify\">Se ky burr\u00eb, q\u00eb q\u00ebndron sot, k\u00ebtu, i heshtur para nesh, ka q\u00ebn\u00eb nj\u00eb luft\u00ebtar i madh i pushk\u00ebs dhe i pen\u00ebs : i pushk\u00ebs kund\u00ebr okupatorit, i pen\u00ebs kund\u00ebr tradh\u00ebtis\u00eb, antishqiptarizmit! Kosova e di ndoshta m\u00eb mir\u00eb se \u00e7&#8217;ka b\u00ebr\u00eb ky shqiptar i madh p\u00ebr bashkimin e trojeve tona, nd\u00ebrsa t\u00eb gjith\u00eb shqiptar\u00ebt e pan\u00eb se si e treti jet\u00ebn Ai p\u00ebr nj\u00eb Shqip\u00ebri v\u00ebrtet demokratike. Ky organizator i demonstratave t\u00eb para antiokupator t\u00eb rinis\u00eb, me t&#8217;u kthyer nga internimi fashist n\u00eb ishujt e friksh\u00ebm t\u00eb Italis\u00eb, luftoi maleve si nj\u00eb luan, n\u00eb krye t\u00eb \u00e7etave nacionaliste kund\u00ebr hordhive italo-gjermane. Dhe si nj\u00eb shqiponj\u00eb e zem\u00ebruar Abaz Ermenji q\u00ebndroi atje, n\u00eb male, si shk\u00ebmb, edhe kur ku\u00e7edra komuniste, me flamurin e Stalinit n\u00eb duar, mbolli terror e thelloi v\u00ebllavrasjen n\u00eb Shqip\u00ebri. Po edhe n\u00eb m\u00ebrgim, ky Promete kurr\u00eb s&#8217;u lodh s\u00eb punuari p\u00ebr t\u00eb ndri\u00e7uar me kultur\u00ebn e vet prej akademiku, vet\u00ebdijen liridash\u00ebse t\u00eb kombit t\u00eb Tij.<\/p>\n<p align=\"justify\">I lindur p\u00ebr burr\u00eb i madh shteti, Historia i rezervoi Abaz Ermenjit rolin e luft\u00ebtarit t\u00eb lirise, at\u00eb t\u00eb avokatit t\u00eb s\u00eb v\u00ebrtet\u00ebs dhe t\u00eb apostullit t\u00eb bashkimit e t\u00eb v\u00ebllaz\u00ebrimit komb\u00ebtar. Dhe n\u00eb te tria k\u00ebto Ai u b\u00eb nj\u00eb simbol dhe arriti majat e nj\u00eb misionari t\u00eb v\u00ebrtet\u00eb.<\/p>\n<p align=\"justify\">Dashuria e zjarrt\u00eb p\u00ebr Shqip\u00ebrin\u00eb nuk e la t&#8217;i dor\u00ebzohej mosh\u00ebs, ndaj askush nuk e besoi se mund t\u00eb ndahej nga kjo jet\u00eb. Se burrat si Abaz Ermenji nuk mund t\u00eb vdesin: edhe kur ligjet e natyr\u00ebs na detyrojn\u00eb t\u00eb vendosim sot trupin e tij pajet\u00eb n\u00eb k\u00ebt\u00eb tok\u00eb q\u00eb ai e deshi aq shum\u00eb, mbeten gjall\u00eb e t\u00eb paharruar.<\/p>\n<p align=\"justify\">Lamtumir\u00eb, profesor!<\/p>\n<p align=\"justify\">Tani na takon neve dhe gjith\u00eb Shqip\u00ebris\u00eb ta kthejm\u00eb zjarrin e dashuris\u00eb Suaj p\u00ebr Shqip\u00ebrin\u00eb n\u00eb nj\u00eb drit\u00eb t\u00eb pashuar, p\u00ebrher\u00eb t\u00eb pashuar p\u00ebr p\u00ebrparim, p\u00ebr nj\u00eb t\u00eb ardhme t\u00eb bukur si\u00e7 e \u00ebnd\u00ebrruat Ju!&#8230;<\/p>\n<p align=\"justify\">Ju ftoj, zot\u00ebrinj, t\u00eb mbajm\u00eb, n\u00eb shenj\u00eb respekti p\u00ebr T\u00eb, nj\u00eb minut\u00eb heshtje!<\/p>\n<p align=\"justify\">I paharruar qoft\u00eb kujtimi i Tij!&#8230;<\/p>\n","protected":false},"excerpt":{"rendered":"<p>18 vjet m\u00eb par\u00eb, m\u00eb 10 mars 2003, u nda prej nesh nj\u00eb nga drejtuesit e Ballit [&hellip;]<\/p>\n","protected":false},"author":1,"featured_media":0,"comment_status":"closed","ping_status":"closed","sticky":false,"template":"","format":"standard","meta":[],"categories":[15,3,16,32],"tags":[31],"_links":{"self":[{"href":"http:\/\/www.ballikombetar.org\/index.php\/wp-json\/wp\/v2\/posts\/399"}],"collection":[{"href":"http:\/\/www.ballikombetar.org\/index.php\/wp-json\/wp\/v2\/posts"}],"about":[{"href":"http:\/\/www.ballikombetar.org\/index.php\/wp-json\/wp\/v2\/types\/post"}],"author":[{"embeddable":true,"href":"http:\/\/www.ballikombetar.org\/index.php\/wp-json\/wp\/v2\/users\/1"}],"replies":[{"embeddable":true,"href":"http:\/\/www.ballikombetar.org\/index.php\/wp-json\/wp\/v2\/comments?post=399"}],"version-history":[{"count":1,"href":"http:\/\/www.ballikombetar.org\/index.php\/wp-json\/wp\/v2\/posts\/399\/revisions"}],"predecessor-version":[{"id":400,"href":"http:\/\/www.ballikombetar.org\/index.php\/wp-json\/wp\/v2\/posts\/399\/revisions\/400"}],"wp:attachment":[{"href":"http:\/\/www.ballikombetar.org\/index.php\/wp-json\/wp\/v2\/media?parent=399"}],"wp:term":[{"taxonomy":"category","embeddable":true,"href":"http:\/\/www.ballikombetar.org\/index.php\/wp-json\/wp\/v2\/categories?post=399"},{"taxonomy":"post_tag","embeddable":true,"href":"http:\/\/www.ballikombetar.org\/index.php\/wp-json\/wp\/v2\/tags?post=399"}],"curies":[{"name":"wp","href":"https:\/\/api.w.org\/{rel}","templated":true}]}}