{"id":389,"date":"2021-03-04T16:01:58","date_gmt":"2021-03-04T15:01:58","guid":{"rendered":"http:\/\/www.ballikombetar.org\/?p=389"},"modified":"2021-03-04T16:01:58","modified_gmt":"2021-03-04T15:01:58","slug":"lufta-civile-1943-1944-tradhetia-e-kucoves","status":"publish","type":"post","link":"http:\/\/www.ballikombetar.org\/index.php\/2021\/03\/04\/lufta-civile-1943-1944-tradhetia-e-kucoves\/","title":{"rendered":"Lufta Civile 1943-1944 : Tradh\u00ebtia e Ku\u00e7ov\u00ebs"},"content":{"rendered":"<p align=\"left\">M\u00eb dat\u00eb 19 shtatuer 1943, komandanti i \u00e7et\u00ebs s\u00eb Sulov\u00ebs Z. Halil Hoxha urdhnohej t\u00eb hynte n\u00eb Ku\u00e7ov\u00eb me nji fuqi prej 500 vet\u00ebsh. Komunistat i jan\u00eb lut\u00eb qi t\u00eb hynin s\u00eb bashku, n\u00eb qofte se do t&#8217;u a lejonte komanda e tyne dhe k\u00ebrkuen nji or\u00eb leje me q\u00ebllim qi t\u00eb hyjshin vet\u00eb ma par\u00eb, mbasi fuqit&#8217; e tyne ende nuk kishin mbrrijt\u00eb. Fuqit\u00eb nasionaliste, tue kuptue dredhin&#8217; e tyne nuk e pranuen propozimin dhe marshuen mbi qytet n\u00ebn komand\u00ebn e Halil Hoxh\u00ebs tue ngul\u00eb Flamurin e liris\u00eb p\u00ebr t\u00eb par\u00ebn her\u00eb mbi \u00e7atin&#8217; e nd\u00ebrtes\u00ebs s\u00eb ish karabinieris\u00eb italjane, mbasi kap\u00ebrxyen t\u00eb gjitha pengesat e nxjerruna prej komunistave t\u00eb vendit.<\/p>\n<p align=\"left\"><a name=\"kucova\"><\/a> Mbasi u krye ceremonija e ngritjes s\u00eb Flamurit, u mbajt\u00ebn fjalimet e rastit p\u00ebrpara popullit, q\u00eb i priti me brohoritje e enthusiaz\u00ebm. Mbas 4 or\u00ebsh arrijt\u00ebn edhe \u00e7etat nacional-\u00e7lirimtare, t\u00eb cilat, me q\u00ebllim qi t\u00eb p\u00ebrfitojshin prej materialit t\u00eb zanun italjan\u00ebve, k\u00ebrkuen qi t\u00eb jen\u00eb n\u00eb bashk\u00ebpunim si n\u00eb ruejtjen e qytetit ashtu edhe n\u00eb ndamjen e patrullave, gja kjo qi u pranue edhe nga Fuqit\u00eb Nasionaliste t\u00eb Ballit Komb\u00ebtar.<\/p>\n<p align=\"left\"><a name=\"kucova\"><\/a> Mbas dreke mbasi fuqit&#8217; e tyne u shtuen n\u00eb nji sasi superiore nga ajo e Ballit, partizan\u00ebt drodh\u00ebn fjal\u00ebn e dhanun tue i parashtrue Komandantit Nasionalist propozimin p\u00ebr me marr\u00eb pjes\u00eb n\u00eb Shtabin e tyne, i cili do t\u00eb formohej prej tre komunistash e nj\u00eb nasionalisti, qi natyrisht nuk u pranue prej nasionalistave, mbasi nuk kishte barazim.<\/p>\n<p align=\"left\"><a name=\"kucova\"><\/a> T\u00eb nes\u00ebrmen, tue pam\u00eb se mb\u00ebrrijt\u00ebn fuqina t\u00eb m\u00ebdhaja nasionaliste, prap, simbas taktik\u00ebs s\u00eb tyne dredharake, u t\u00ebrhoq\u00ebn dhe erdh\u00ebn n\u00eb konditat e para t\u00eb barasis\u00eb. Ma von\u00eb, mbasi iu mbrrijt\u00ebn ndihma prej \u00e7et\u00ebs s\u00eb Rahman Uru\u00e7it, filluen prap manevr\u00ebn e dredhis\u00eb, tue veprue n\u00eb kund\u00ebrshtim me pikat e marr\u00ebveshtjes dhe <b>tue ba nji kompromis me Gjerman\u00ebt, t\u00eb cil\u00ebve u dhan\u00eb gjith naftin, benzin\u00ebn, gazin etj. qi ndodheshin n\u00eb depot e Ku\u00e7ov\u00ebs. <\/b><\/p>\n<p align=\"left\"><a name=\"kucova\"><\/a> Nuk mjaftuan vet\u00ebm k\u00ebto veprime dredharake t\u00eb komunistave, por vjen shtohet edhe nji turp tjet\u00ebr kundra v\u00ebllez\u00ebnve t\u00eb tyne :<\/p>\n<p align=\"left\"><a name=\"kucova\"><\/a> Tue p\u00ebrfitue nga largimi i nji pjese t\u00eb madhe ushtar\u00ebsh nasionalist\u00eb me rastin e fest\u00ebs s\u00eb Bajramit, komunist\u00ebt, simbas zakonit t\u00eb tyne, kryen sulmin burracak e posht\u00ebr, tue sulmue me arm\u00eb nji automobil qi po i furnizonte mish ushtar\u00ebve t\u00eb Ballit qi ndodheshin n\u00eb Ku\u00e7ov\u00eb dhe tue fillue luft\u00eb kundra fuqive t\u00eb Ballit, t\u00eb cilat ishin n\u00eb numur shum ma t\u00eb vogel (60 me 600) e kjo u ba pik\u00ebrisht n\u00eb nat\u00ebn e par\u00eb t\u00eb Bajramit. P\u00ebrpjekja zgjati ma se 3 or\u00eb dhe fuqit&#8217; e Ballit tue qen\u00eb n\u00eb pakic\u00eb t\u00eb ndieshme n\u00eb krahasim me an\u00ebn tjet\u00ebr, per t&#8217;i u shmang\u00eb nji vllavrasjeje, e cila ndoshta mund t\u00eb p\u00ebrhapej n\u00eb t\u00eb gjith\u00eb Shqip\u00ebrin\u00eb, u t\u00ebrhoq, tue lan\u00eb nji t\u00eb vram\u00eb dhe nji t\u00eb plagosun. Gjykoni o Shqiptar\u00eb mbi veprat e nacional-\u00e7lirimtar\u00ebve !!!&#8230; Ky qe fillimi i v\u00ebllavrasjes!!!&#8230;<\/p>\n<p align=\"left\"><a name=\"kucova\"><\/a> Le t\u00eb marin vesht mir\u00eb shoket t&#8217;one se si mund t\u00eb bahen lidhjet me t&#8217;ashtuquejtunit nacional-\u00e7lirimtar\u00eb dhe n\u00eb rast se u takon t\u00eb bajn\u00eb ndonji marr\u00ebveshtje me ta, duhet t\u00eb ken\u00eb mendjen n\u00eb djall\u00ebzit\u00eb e n\u00eb tradh\u00ebtit&#8217; e tyne.<\/p>\n<p align=\"left\"><a name=\"kucova\"><\/a> <b> Shqiptar\u00eb t\u00eb ndersh\u00ebm ! <\/b> Lutemi t\u00eb merni sh\u00ebnim per k\u00ebto vepra t\u00eb turp\u00ebshme t\u00eb komunistave, qi pretendojn\u00eb luft\u00eb kundra anmikut dhe m&#8217;an\u00eb tjet\u00ebr i kthejn\u00eb arrn\u00ebt kund\u00ebr v\u00ebllez\u00ebnve t\u00eb tyne t\u00eb ndersh\u00ebm, tue i lye duert me gjak vllai t\u00eb pafajsh\u00ebm, tue ba e prish\u00eb marr\u00ebveshje, simbas shtimit a pak\u00ebsimit t\u00eb fuqive, p\u00ebr t&#8217; i a mbrrijt\u00eb q\u00ebllimeve t\u00eb tyne ambicioze.<\/p>\n<p align=\"left\"><a name=\"kucova\"><\/a> <strong>30 Shtatuer 1943<\/strong><\/p>\n","protected":false},"excerpt":{"rendered":"<p>M\u00eb dat\u00eb 19 shtatuer 1943, komandanti i \u00e7et\u00ebs s\u00eb Sulov\u00ebs Z. Halil Hoxha urdhnohej t\u00eb hynte n\u00eb [&hellip;]<\/p>\n","protected":false},"author":1,"featured_media":0,"comment_status":"closed","ping_status":"closed","sticky":false,"template":"","format":"standard","meta":[],"categories":[2,7,22],"tags":[84,33,83],"_links":{"self":[{"href":"http:\/\/www.ballikombetar.org\/index.php\/wp-json\/wp\/v2\/posts\/389"}],"collection":[{"href":"http:\/\/www.ballikombetar.org\/index.php\/wp-json\/wp\/v2\/posts"}],"about":[{"href":"http:\/\/www.ballikombetar.org\/index.php\/wp-json\/wp\/v2\/types\/post"}],"author":[{"embeddable":true,"href":"http:\/\/www.ballikombetar.org\/index.php\/wp-json\/wp\/v2\/users\/1"}],"replies":[{"embeddable":true,"href":"http:\/\/www.ballikombetar.org\/index.php\/wp-json\/wp\/v2\/comments?post=389"}],"version-history":[{"count":1,"href":"http:\/\/www.ballikombetar.org\/index.php\/wp-json\/wp\/v2\/posts\/389\/revisions"}],"predecessor-version":[{"id":390,"href":"http:\/\/www.ballikombetar.org\/index.php\/wp-json\/wp\/v2\/posts\/389\/revisions\/390"}],"wp:attachment":[{"href":"http:\/\/www.ballikombetar.org\/index.php\/wp-json\/wp\/v2\/media?parent=389"}],"wp:term":[{"taxonomy":"category","embeddable":true,"href":"http:\/\/www.ballikombetar.org\/index.php\/wp-json\/wp\/v2\/categories?post=389"},{"taxonomy":"post_tag","embeddable":true,"href":"http:\/\/www.ballikombetar.org\/index.php\/wp-json\/wp\/v2\/tags?post=389"}],"curies":[{"name":"wp","href":"https:\/\/api.w.org\/{rel}","templated":true}]}}