{"id":356,"date":"2020-10-30T14:40:05","date_gmt":"2020-10-30T13:40:05","guid":{"rendered":"http:\/\/www.ballikombetar.org\/?p=356"},"modified":"2020-10-30T14:45:34","modified_gmt":"2020-10-30T13:45:34","slug":"flamuri-turko-shqiptar-fyerje-per-kombin-shqiptar","status":"publish","type":"post","link":"http:\/\/www.ballikombetar.org\/index.php\/2020\/10\/30\/flamuri-turko-shqiptar-fyerje-per-kombin-shqiptar\/","title":{"rendered":"Flamuri turko-shqiptar &#8211; fyerje p\u00ebr Kombin Shqiptar!"},"content":{"rendered":"<p>Media shqiptare raporton se me rastin e 97-vjetorit t\u00eb Republik\u00ebs s\u00eb Turqis\u00eb, nj\u00eb flamur i kuq gjigand me gjysm\u00eb-h\u00ebn\u00ebn dhe yllin e Turqis\u00eb dhe me shqiponj\u00ebn e Shqip\u00ebris\u00eb \u00ebsht\u00eb shfaqur n\u00eb fasad\u00ebn e Universitetit t\u00eb Tiran\u00ebs. N\u00eb pamje t\u00eb par\u00eb, ky \u00ebsht\u00eb thjesht nj\u00eb urim p\u00ebr fest\u00ebn e Turqis\u00eb, ndoshta pak i madh, por sigurisht n\u00eb mas\u00ebn e servilizmit t\u00eb pushtetar\u00ebve t\u00eb Tiran\u00ebs.<\/p>\n<p>Por ajo q\u00eb \u00ebsht\u00eb e papranueshme \u00ebsht\u00eb shkrirja n\u00eb nj\u00eb flamur e simboleve t\u00eb Turqis\u00eb me shqiponj\u00ebn ton\u00eb dykrenore. \u00cbsht\u00eb kjo nj\u00eb fyerje p\u00ebr Kombin Shqiptar p\u00ebr disa ar\u00ebsye.<\/p>\n<p>N\u00eb radh\u00eb t\u00eb par\u00eb Flamuri Shqiptar me shqiponj\u00ebn dykrenore \u00ebsht\u00eb flamuri i Gjergj Kastriotit Sk\u00ebnderbeut, Heroit ton\u00eb Komb\u00ebtar. T\u00eb vendos\u00ebsh Flamurin e tij n\u00eb at\u00eb t\u00eb Turqis\u00eb \u00ebsht\u00eb nj\u00eb kontradikt\u00eb e papajtueshme. Por \u00ebsht\u00eb edhe nj\u00eb mohim i rezistenc\u00ebs s\u00eb 25-vje\u00e7are n\u00eb mbrojtje t\u00eb tokave shqiptare nga nj\u00eb pushtues i huaj, q\u00eb ishte n\u00eb at\u00eb koh\u00eb fuqia m\u00eb e madhe n\u00eb bot\u00eb.<\/p>\n<p>Pas pushtimit, Turqia i sundoi tokat shqiptare p\u00ebr m\u00eb shum\u00eb se 400 vjet n\u00eb kuadrin e Perandoris\u00eb Osmane. Gjat\u00eb k\u00ebsaj kohe ka patur disa p\u00ebrpjekje nga shqiptar\u00ebt p\u00ebr t\u00eb dal\u00eb m\u00eb vehte, si nj\u00eb vend autonom dhe m\u00eb pas i pavarur. K\u00ebto p\u00ebrpjekje u shtuan sidomos n\u00eb fund t\u00eb shekullit t\u00eb 19-t\u00eb me Lidhjen e Prizrenit dhe p\u00ebrfunduan me Shpalljen e Pavar\u00ebsis\u00eb n\u00eb Vlor\u00eb n\u00eb vitin 1912.<\/p>\n<p>Shpallja e Pavar\u00ebsis\u00eb u b\u00eb me sakrifica t\u00eb m\u00ebdha, me kryengritje t\u00eb shumta dhe me shum\u00eb d\u00ebshmor\u00eb t\u00eb Liris\u00eb q\u00eb u flijuan p\u00ebr Flamurin Kuq e Zi me shqiponj\u00ebn dykrenore. Shkrirja e simboleve \u00ebsht\u00eb nj\u00eb fyerje dhe nj\u00eb mohim p\u00ebr t\u00eb gjith\u00eb d\u00ebshmor\u00ebt e Shqip\u00ebris\u00eb s\u00eb Pavarur.<\/p>\n<p>Gjat\u00eb shekullit t\u00eb 19-t\u00eb disa shtete t\u00eb Ballkanit, si Greqia, Serbia etj. fituan pavar\u00ebsin\u00eb. Edhe Shqiptar\u00ebt b\u00ebn\u00eb p\u00ebrpjekje t\u00eb m\u00ebdha n\u00eb k\u00ebt\u00eb drejtim, por u penguan shum\u00eb pik\u00ebrisht nga Turqia e cila nuk lejonte deri dhe shkollat shqipe dhe jo m\u00eb autonomin\u00eb si\u00e7 e k\u00ebrkonte Lidhja e Prizrenit. Turqia i p\u00ebrdori shqiptar\u00ebt dhe tokat shqiptare p\u00ebr interesa t\u00eb saj duke i sjell\u00eb nj\u00eb d\u00ebm kolosal kombit shqiptar. P\u00ebr shembull, n\u00eb Traktatin e Sh\u00ebn-Stefanit, pasi humbi luft\u00ebn me Rusin\u00eb, Turqia, p\u00ebr t\u00eb ruajtur interesat e saj n\u00eb Ballkan, b\u00ebri pazare me tokat shqiptare duke ia falur nj\u00eb pjes\u00eb t\u00eb tyre Bullgaris\u00eb (sot Maqedonis\u00eb), Serbis\u00eb dhe Malit t\u00eb Zi.<\/p>\n<p>Natyrisht, p\u00ebr cop\u00ebtimin e tokave shqiptare n\u00ebp\u00ebr vende fqinje n\u00eb radh\u00eb t\u00eb par\u00eb jan\u00eb p\u00ebrgjegj\u00ebs shqiptar\u00ebt q\u00eb nuk vepruan n\u00eb koh\u00ebn e duhur dhe me fuqin\u00eb e duhur, sepse shum\u00eb prej tyre mendonin se ishin t\u00eb sigurt n\u00eb Perandorin\u00eb Osmane. Por edhe Turqia me pengimin e krijimit t\u00eb nj\u00eb shteti shqiptar dhe Traktatit t\u00eb Sh\u00ebn-Stefanit, pati nj\u00eb rol mjaft t\u00eb madh n\u00eb cop\u00ebtimin e tokave shqiptare.<\/p>\n<p>Pas shpalljes s\u00eb Pavar\u00ebsis\u00eb, marr\u00ebdh\u00ebniet midis shtetit t\u00eb ri shqiptar dhe Turqis\u00eb u normalizuan n\u00eb vitin 1923, me ardhjen n\u00eb fuqi t\u00eb Mustafa Qemal Ataturkut. K\u00ebto marr\u00ebdh\u00ebnie kan\u00eb qen\u00eb korrekte gjat\u00eb gjith\u00eb shekullit 20-t\u00eb. \u00cbsht\u00eb p\u00ebr t&#8217;u sh\u00ebnuar refuzimi q\u00eb i ka b\u00ebr\u00eb Mustafa Qemal Ataturku n\u00eb vitin 1937 nj\u00eb marr\u00ebveshje me Serbin\u00eb ku kjo e fundit planifikonte t\u00eb zhvendoste n\u00eb Turqi nj\u00eb num\u00ebr t\u00eb madh familjesh kosovare n\u00eb zbatim t\u00eb planit t\u00eb Vasa Cubriloviqit p\u00ebr spastrimin etnik t\u00eb shqiptar\u00ebve t\u00eb Kosov\u00ebs.<\/p>\n<p>Gjat\u00eb diktatur\u00ebs komuniste marr\u00ebdh\u00ebniet midis dy vendeve kan\u00eb qen\u00eb t\u00eb pakta, por ato u intensifikuan pas vitit 1990. Prej at\u00ebhere Turqia, edhe si vend antar i NATO-s \u00ebsht\u00eb konsideruar si nj\u00eb vend aleat me t\u00eb cilin Shqip\u00ebria, por edhe Kosova kan\u00eb patur marr\u00ebdh\u00ebnie shum\u00eb t\u00eb mira n\u00eb ekonomi dhe fusha t\u00eb tjera. \u00cbsht\u00eb p\u00ebrs\u00ebri p\u00ebr t&#8217;u vler\u00ebsuar njohja e shpejt\u00eb e Kosov\u00ebs nga Turqia dhe p\u00ebrkrahja q\u00eb ajo i ka dh\u00ebn\u00eb shtetit t\u00eb ri kosovar.<\/p>\n<p>Natyrisht, duke patur parasysh k\u00ebto, Turqia mund t\u00eb konsiderohet sot si nj\u00eb vend aleat i Shqip\u00ebris\u00eb dhe Kosov\u00ebs dhe duhen b\u00ebr\u00eb t\u00eb gjitha p\u00ebrpjekjet p\u00ebr t\u00eb mbajtur marr\u00ebdh\u00ebnie t\u00eb mira midis vendesh aleate. Por duhet patur kujdes p\u00ebr t\u00eb mos shkuar shum\u00eb larg. Mbajtja e marr\u00ebdh\u00ebnieve t\u00eb mira ka disa kushte dhe n\u00eb radh\u00eb t\u00eb par\u00eb respektin reciprok.<\/p>\n<p>Turqia natyrisht ndjek n\u00eb radh\u00eb t\u00eb par\u00eb interesat e saj. Vizioni q\u00eb kan\u00eb sot drejtuesit e saj, ndryshe nga ai i shekullit t\u00eb 20-t\u00eb, \u00ebsht\u00eb nj\u00eb influenc\u00eb e gjer\u00eb n\u00eb Ballkan e gjetiu. Dhe p\u00ebrkufizmi i k\u00ebsaj influence mund t\u00eb shkoj\u00eb shum\u00eb larg, deri n\u00eb shkrirje t\u00eb kufijve, sikurse t\u00eb simboleve n\u00eb flamur, gj\u00eb e cila \u00ebsht\u00eb thjesht e papranueshme p\u00ebr kombin shqiptar.<\/p>\n<p>Ka zero p\u00ebrqind mund\u00ebsi q\u00eb kjo t\u00eb ndodh\u00eb, por ka shum\u00eb m\u00eb tep\u00ebr mund\u00ebsi q\u00eb Shqiptar\u00ebt, ashtu si dikur me Traktatin e Sh\u00ebn-Stefanit, t\u00eb d\u00ebmtohen shum\u00eb nga kjo politik\u00eb. Duke filluar n\u00eb radh\u00eb t\u00eb par\u00eb me Kosov\u00ebn.<\/p>\n<p>Prandaj \u00ebsht\u00eb p\u00ebrgjegj\u00ebsia e drejtuesve shqiptar\u00eb q\u00eb t\u00eb tregohen t\u00eb kujdessh\u00ebm n\u00eb marr\u00ebdh\u00ebniet me Turqin\u00eb, t\u00eb p\u00ebrcaktojn\u00eb qart\u00eb pozicionin e tyre, ta shpjegojn\u00eb at\u00eb, dhe t\u00eb d\u00ebnojn\u00eb \u00e7do teprim apo provokim q\u00eb nuk mund t\u00eb jen\u00eb ve\u00e7se kund\u00ebr-produktiv. Shqiptar\u00ebt si n\u00eb Shqip\u00ebri dhe n\u00eb Kosov\u00eb jan\u00eb shum\u00eb t\u00eb ndjesh\u00ebm p\u00ebrsa i p\u00ebrket pavar\u00ebsis\u00eb dhe liris\u00eb s\u00eb tyre dhe k\u00ebt\u00eb duhet ta dij\u00eb mir\u00eb \u00e7dokush.<\/p>\n<p>Si\u00e7 themi ne Shqiptar\u00ebt: Miq\u00ebsia miq\u00ebsi, por secili zot n\u00eb sht\u00ebpin\u00eb e tij !<\/p>\n<p><strong>Xh. Me\u00e7orrapaj<\/strong><\/p>\n","protected":false},"excerpt":{"rendered":"<p>Media shqiptare raporton se me rastin e 97-vjetorit t\u00eb Republik\u00ebs s\u00eb Turqis\u00eb, nj\u00eb flamur i kuq gjigand [&hellip;]<\/p>\n","protected":false},"author":1,"featured_media":0,"comment_status":"closed","ping_status":"closed","sticky":false,"template":"","format":"standard","meta":[],"categories":[3,2,67,41],"tags":[],"_links":{"self":[{"href":"http:\/\/www.ballikombetar.org\/index.php\/wp-json\/wp\/v2\/posts\/356"}],"collection":[{"href":"http:\/\/www.ballikombetar.org\/index.php\/wp-json\/wp\/v2\/posts"}],"about":[{"href":"http:\/\/www.ballikombetar.org\/index.php\/wp-json\/wp\/v2\/types\/post"}],"author":[{"embeddable":true,"href":"http:\/\/www.ballikombetar.org\/index.php\/wp-json\/wp\/v2\/users\/1"}],"replies":[{"embeddable":true,"href":"http:\/\/www.ballikombetar.org\/index.php\/wp-json\/wp\/v2\/comments?post=356"}],"version-history":[{"count":4,"href":"http:\/\/www.ballikombetar.org\/index.php\/wp-json\/wp\/v2\/posts\/356\/revisions"}],"predecessor-version":[{"id":360,"href":"http:\/\/www.ballikombetar.org\/index.php\/wp-json\/wp\/v2\/posts\/356\/revisions\/360"}],"wp:attachment":[{"href":"http:\/\/www.ballikombetar.org\/index.php\/wp-json\/wp\/v2\/media?parent=356"}],"wp:term":[{"taxonomy":"category","embeddable":true,"href":"http:\/\/www.ballikombetar.org\/index.php\/wp-json\/wp\/v2\/categories?post=356"},{"taxonomy":"post_tag","embeddable":true,"href":"http:\/\/www.ballikombetar.org\/index.php\/wp-json\/wp\/v2\/tags?post=356"}],"curies":[{"name":"wp","href":"https:\/\/api.w.org\/{rel}","templated":true}]}}