{"id":349,"date":"2020-10-30T14:46:23","date_gmt":"2020-10-30T13:46:23","guid":{"rendered":"http:\/\/www.ballikombetar.org\/?p=349"},"modified":"2020-10-31T23:14:27","modified_gmt":"2020-10-31T22:14:27","slug":"abas-ermenjit","status":"publish","type":"post","link":"http:\/\/www.ballikombetar.org\/index.php\/2020\/10\/30\/abas-ermenjit\/","title":{"rendered":"Abas Ermenjit"},"content":{"rendered":"<p>&nbsp;<\/p>\n<p>Profesor Abas Ermenji<br \/>\nShkrive jet\u00ebn p\u00ebr Shqip\u00ebri<br \/>\nAs u trembe as u stepe<br \/>\nZem\u00ebr-hekuri si Ti!<\/p>\n<p>N\u00eb Kor\u00e7\u00ebn e dituris\u00eb<br \/>\nKur erdhi pushtim&#8217; i zi<br \/>\nNgrite n\u00eb k\u00ebmb\u00eb djal\u00ebrin\u00eb<br \/>\nProfesor goj&#8217;\u00ebmb\u00ebli.<\/p>\n<p>K\u00ebmish-zinjt\u00eb t\u00eb syrgjynos\u00ebn<br \/>\nLarg n\u00eb ishuj n&#8217;Itali<br \/>\nPor ti nuk u dor\u00ebzove<br \/>\nPrap\u00eb erdhe n\u00eb Shqip\u00ebri.<\/p>\n<p>N\u00eb udh\u00ebn e Mit&#8217;hat Frash\u00ebrit<br \/>\nI vendosur shkove Ti<br \/>\nIshte udh\u00eb me sakrifica<br \/>\nPor ish udh\u00eb p\u00ebr Shqiptari&#8217; !<\/p>\n<p>N\u00eb dy an\u00ebt e Tomorric\u00ebs<br \/>\nBaba Tomorri karshi<br \/>\nNgrite popullin n\u00eb k\u00ebmb\u00eb<br \/>\nT\u00eb luftoj\u00eb p\u00ebr liri!<\/p>\n<p>Dhe Beratin e bekuar,<br \/>\nMe rr\u00ebmbim \u00e7lirove Ti<br \/>\nN\u00eb Ballin e djal\u00ebris\u00eb<br \/>\nProfesor o djal&#8217;i ri.<\/p>\n<p>Shqip\u00ebrin\u00eb dot s&#8217;e shp\u00ebtove<br \/>\nNga ku\u00e7edr&#8217;e kuqe parti<br \/>\nU detyrove dhe shkove<br \/>\nN\u00eb t\u00eb hidhur\u00ebn arrati.<\/p>\n<p>Shum\u00eb vjet n\u00eb m\u00ebrgim kalove<br \/>\nN\u00eb at\u00eb kurbet t\u00eb zi<br \/>\nP\u00ebr Shqip\u00ebri me pen\u00eb luftove<br \/>\nP\u00ebr Kosov\u00eb e \u00c7am\u00ebri.<\/p>\n<p>Kur u shporr ku\u00e7edr&#8217;e kuqe<br \/>\nU ktheve ti p\u00ebrs\u00ebri<br \/>\nAn&#8217;e mban\u00eb Shqip\u00ebris\u00eb<br \/>\nFole ti p\u00ebr Shqiptari&#8217; !<\/p>\n<p>Por koha kishte kaluar<br \/>\nNuk ishe m\u00eb djal&#8217;i ri<br \/>\nNj\u00eb dit\u00eb zemra jote ndali<br \/>\nNga e shkreta pleq\u00ebri.<\/p>\n<p>Profesor Abas Ermenji,<br \/>\nT\u00eb k\u00ebrkon vatani tija<br \/>\nT\u00eb presin t&#8217;i b\u00ebsh bashk\u00eb<br \/>\nKosova dhe \u00c7am\u00ebria!<\/p>\n","protected":false},"excerpt":{"rendered":"<p>&nbsp; Profesor Abas Ermenji Shkrive jet\u00ebn p\u00ebr Shqip\u00ebri As u trembe as u stepe Zem\u00ebr-hekuri si Ti! [&hellip;]<\/p>\n","protected":false},"author":1,"featured_media":0,"comment_status":"closed","ping_status":"closed","sticky":false,"template":"","format":"standard","meta":[],"categories":[15,3,2,49,7,16],"tags":[],"_links":{"self":[{"href":"http:\/\/www.ballikombetar.org\/index.php\/wp-json\/wp\/v2\/posts\/349"}],"collection":[{"href":"http:\/\/www.ballikombetar.org\/index.php\/wp-json\/wp\/v2\/posts"}],"about":[{"href":"http:\/\/www.ballikombetar.org\/index.php\/wp-json\/wp\/v2\/types\/post"}],"author":[{"embeddable":true,"href":"http:\/\/www.ballikombetar.org\/index.php\/wp-json\/wp\/v2\/users\/1"}],"replies":[{"embeddable":true,"href":"http:\/\/www.ballikombetar.org\/index.php\/wp-json\/wp\/v2\/comments?post=349"}],"version-history":[{"count":8,"href":"http:\/\/www.ballikombetar.org\/index.php\/wp-json\/wp\/v2\/posts\/349\/revisions"}],"predecessor-version":[{"id":366,"href":"http:\/\/www.ballikombetar.org\/index.php\/wp-json\/wp\/v2\/posts\/349\/revisions\/366"}],"wp:attachment":[{"href":"http:\/\/www.ballikombetar.org\/index.php\/wp-json\/wp\/v2\/media?parent=349"}],"wp:term":[{"taxonomy":"category","embeddable":true,"href":"http:\/\/www.ballikombetar.org\/index.php\/wp-json\/wp\/v2\/categories?post=349"},{"taxonomy":"post_tag","embeddable":true,"href":"http:\/\/www.ballikombetar.org\/index.php\/wp-json\/wp\/v2\/tags?post=349"}],"curies":[{"name":"wp","href":"https:\/\/api.w.org\/{rel}","templated":true}]}}