{"id":333,"date":"2020-09-05T22:46:28","date_gmt":"2020-09-05T20:46:28","guid":{"rendered":"http:\/\/www.ballikombetar.org\/?p=333"},"modified":"2020-09-05T22:55:20","modified_gmt":"2020-09-05T20:55:20","slug":"jo-minishengenit-serbomadh-dhe-hapjes-se-porteve-shqiptare-per-serbine","status":"publish","type":"post","link":"http:\/\/www.ballikombetar.org\/index.php\/2020\/09\/05\/jo-minishengenit-serbomadh-dhe-hapjes-se-porteve-shqiptare-per-serbine\/","title":{"rendered":"Jo Minishengenit serbomadh dhe hapjes s\u00eb porteve shqiptare p\u00ebr Serbin\u00eb !"},"content":{"rendered":"<p class=\"p1\">Marr\u00ebveshja e n\u00ebnshkruar n\u00eb Sht\u00ebpin\u00eb e Bardh\u00eb m\u00eb 4 shtator 2020<span class=\"Apple-converted-space\">\u00a0 <\/span>parashikon q\u00eb Kosova t\u00eb b\u00ebhet pjes\u00eb e Minishengenit Ballkanik ku marrin pjes\u00eb tashm\u00eb Serbia, Shqip\u00ebria dhe Maqedonia.<\/p>\n<p class=\"p1\"><strong>\u00ab\u00a0Minishengeni\u00a0\u00bb dhe Kosova<\/strong><\/p>\n<p class=\"p1\">Duhet kuptuar se \u00ab\u00a0minishengeni\u00a0\u00bb nuk eshte as n\u00eb interes t\u00eb Kosov\u00ebs, as t\u00eb Shqip\u00ebris\u00eb dhe as t\u00eb Shqiptaris\u00eb. Por \u00ebsht\u00eb vet\u00ebm n\u00eb interes t\u00eb Serbis\u00eb s\u00eb cil\u00ebs i hap rrug\u00ebn e nj\u00eb hap\u00ebsire t\u00eb madhe ekonomike dhe do ta ndihmonte t\u00eb marr\u00eb rolin e liderit ekonomik rajonal, t\u00eb cilin sigurisht Serbia do ta p\u00ebrdorte p\u00ebr t\u00eb arritur synime politike, si p\u00ebr shembull rimarrjen n\u00eb kontroll t\u00eb Kosov\u00ebs.<\/p>\n<p class=\"p1\">Cili \u00ebsht\u00eb interesi i Kosov\u00ebs t\u00eb hyj\u00eb n\u00eb k\u00ebt\u00eb marr\u00ebveshje? T\u00eb ndihmoj\u00eb zhvillimin ekonomik t\u00eb Serbis\u00eb?<span class=\"Apple-converted-space\">\u00a0 <\/span>P\u00ebrse Kosova do ta b\u00ebnte k\u00ebt\u00eb? P\u00ebr ta falenderuar p\u00ebr mbi 10 mij\u00eb t\u00eb vrar\u00ebt, p\u00ebr mij\u00ebra vajzat e p\u00ebrdhunuara, p\u00ebr qindra mij\u00eb t\u00eb shp\u00ebrngulurit me forc\u00eb, p\u00ebr sht\u00ebpit\u00eb e djegura, p\u00ebr krimet e tmerrshme t\u00eb kryera nga po kjo Serbi? Apo p\u00ebr ta ndihmuar Serbin\u00eb q\u00eb ta rifus\u00eb n\u00ebn kontrollin e saj<span class=\"Apple-converted-space\">\u00a0 <\/span>pas disa vitesh?<\/p>\n<p class=\"p1\">Duhet kuptuar mir\u00eb q\u00eb \u00ab\u00a0minishengenin\u00a0\u00bb nuk e ka krijuar Shqip\u00ebria, e cila aty sh\u00ebrben vet\u00ebm sa p\u00ebr t\u00eb<span class=\"Apple-converted-space\">\u00a0 <\/span>mashtruar kosovar\u00ebt, sikurse her\u00eb t\u00eb tjera n\u00eb histori. Kosovar\u00ebt duhet t\u00eb b\u00ebnin pyetjen se \u00e7\u2019do t\u00eb ndodhte<span class=\"Apple-converted-space\">\u00a0 <\/span>n\u00ebse Shqip\u00ebria do t\u00eb largohej me hir a me pahir pas disa vjet\u00ebsh nga \u00ab\u00a0minishengeni\u00a0\u00bb dhe Kosova t\u00eb mbetej vet\u00ebm me Serbin\u00eb ? Sigurisht \u00ab\u00a0minishengeni\u00a0\u00bb do t\u00eb ishte fillimi i nj\u00eb procesi t\u00eb ri-integrimit t\u00eb Kosov\u00ebs n\u00eb Serbi.<\/p>\n<p class=\"p1\">\u00ab\u00a0Minishengeni\u00a0\u00bb \u00ebsht\u00eb nj\u00eb marr\u00ebveshje jonatyrore, q\u00eb nuk ka asnj\u00eb mund\u00ebsi t\u00eb funksionoj\u00eb. \u00cbsht\u00eb nj\u00eb Jugosllavi e re me popuj t\u00eb ndrysh\u00ebm, me gjuh\u00eb dhe zakone t\u00eb ndryshme, me interesa kontradiktore dhe t\u00eb papajtueshme, me armiq\u00ebsi shekullore. E pam\u00eb n\u00eb vitet \u201990 si p\u00ebrfundoi ish-Jugosllavia dhe do t\u00eb ishte llogjike t\u00eb mos p\u00ebrs\u00ebriten aventura t\u00eb tilla.<\/p>\n<p class=\"p1\">\u00ab\u00a0Minishengeni\u00a0\u00bb \u00ebsht\u00eb i rreziksh\u00ebm dhe do t\u00eb sillte tragjedi t\u00eb reja, sepse do t\u2019i jepte Serbis\u00eb shkas p\u00ebr t\u00eb nd\u00ebrhyr\u00eb n\u00eb Kosov\u00eb dhe do t\u00eb shkaktonte nj\u00eb luft\u00eb t\u00eb re ballkanike.<\/p>\n<p class=\"p1\"><strong>Porti n\u00eb Adriatik<\/strong><\/p>\n<p class=\"p1\">N\u00eb k\u00ebt\u00eb marr\u00ebveshje parashihet q\u00eb Serbia t\u00eb ket\u00eb hyrje n\u00eb nj\u00eb port n\u00eb Adriatik. N\u00ebse b\u00ebhet fjal\u00eb p\u00ebr Sh\u00ebngjinin ose Durr\u00ebsin, kjo \u00ebsht\u00eb absolutisht e papranueshme p\u00ebr dy arsye.<\/p>\n<p class=\"p1\">E para Shqip\u00ebria nuk ka asnj\u00eb ar\u00ebsye t\u00eb ndihmoj\u00eb zhvillimin ekonomik t\u00eb Serbis\u00eb i cili do t\u00eb b\u00ebhet n\u00eb kurriz t\u00eb vendeve t\u00eb tjera t\u00eb rajonit. E p\u00ebrse do ta b\u00ebnte Shqip\u00ebria k\u00ebt\u00eb? P\u00ebr t\u00eb falenderuar Serbin\u00eb<span class=\"Apple-converted-space\">\u00a0 <\/span>p\u00ebr vrasjet, djegiet, p\u00ebrdhunimet dhe spastrimin etnik ndaj shqiptar\u00ebve t\u00eb Kosov\u00ebs? Apo p\u00ebr t\u00eb falenderuar Serbin\u00eb p\u00ebr rolin e saj ky\u00e7 n\u00eb vendosjen e diktatur\u00ebs komuniste n\u00eb Shqip\u00ebri dhe nxitjen e nj\u00eb lufte civile tragjike<span class=\"Apple-converted-space\">\u00a0 <\/span>kund\u00ebr nacionalist\u00ebve n\u00eb vitet 1941-1944 n\u00ebp\u00ebrmjet agjent\u00ebve t\u00eb saj komunist\u00eb Dushan Mugosha, Miladin Popovi\u00e7, etj. ?<\/p>\n<p class=\"p1\">E dyta, n\u00ebse Shqip\u00ebria e lejon Serbin\u00eb t\u00eb ket\u00eb hyrje n\u00eb nj\u00eb port t\u00eb saj, qoft\u00eb edhe si nj\u00eb \u00ab\u00a0port i lir\u00eb\u00a0\u00bb gj\u00eb q\u00eb me heqjen e taksave dhe politik\u00ebs fiskale do t\u00eb thot\u00eb heqje e sovranitetit ekonomik t\u00eb shtetit shqiptar, do t\u00eb p\u00ebrballemi me nj\u00eb rrezik t\u00eb madh n\u00eb t\u00eb ardhmen. Serbia do t\u00eb b\u00ebj\u00eb \u00e7\u2019\u00ebsht\u00eb e mundur, me t\u00eb gjitha mjetet, t\u00eb mos largohet m\u00eb prej aty. Dhe m\u00eb keq akoma, pas 100 vjet\u00ebsh serb\u00ebt, sipas zakonit t\u00eb tyre t\u00eb vjet\u00ebr t\u00eb g\u00ebnjeshtr\u00ebs, manipulimit, p\u00ebrvet\u00ebsimit dhe rishkrimit t\u00eb historis\u00eb, do t\u00eb pretendojn\u00eb se porti ka qen\u00eb tok\u00eb serbe dhe do t\u00eb p\u00ebrpiqen ta pushtojn\u00eb ushtarakisht. Kjo duket sot e paimagjinueshme, por t\u00eb mos harrojm\u00eb se n\u00eb t\u00eb nj\u00ebjt\u00ebn m\u00ebnyr\u00eb kan\u00eb vepruar n\u00eb Kosov\u00eb me manastiret arb\u00ebrore bizantine q\u00eb i kan\u00eb p\u00ebrvet\u00ebsuar n\u00eb koh\u00ebn e perandoris\u00eb otomane dhe t\u00eb cilat sot ua njeh e gjith\u00eb bota.<\/p>\n<p class=\"p1\"><strong>Marr\u00ebveshje e rrezikshme<\/strong><\/p>\n<p class=\"p1\">Sigurisht kemi t\u00eb b\u00ebjm\u00eb k\u00ebtu<span class=\"Apple-converted-space\">\u00a0 <\/span>me nj\u00eb marr\u00ebveshje kund\u00ebr interesave shqiptare. Por jo vet\u00ebm kaq. \u00cbsht\u00eb kjo nj\u00eb marr\u00ebveshje amorale sepse shp\u00ebrblen nj\u00eb shtet q\u00eb ka kryer disa gjenocide dhe spastrime etnike n\u00eb Ballkan. Duke krijuar k\u00ebshtu nj\u00eb precedent t\u00eb rreziksh\u00ebm p\u00ebr rajonin dhe m\u00eb gjer\u00eb. Kjo marr\u00ebveshje do t\u00eb inkurajoj\u00eb serb\u00ebt t\u00eb vazhdojn\u00eb projektin e tyre t\u00eb Serbis\u00eb s\u00eb Madhe. Dhe nuk ka p\u00ebr t\u2019i larguar nga Rusia, me t\u00eb cil\u00ebn kan\u00eb lidhje t\u00eb thella shipirt\u00ebrore.<\/p>\n<p class=\"p1\">Rruga e vetme p\u00ebr ta qet\u00ebsuar Serbin\u00eb dhe p\u00ebr t\u00eb shmangur problemet q\u00eb ajo mund t\u00eb shkaktoj\u00eb p\u00ebrs\u00ebri n\u00eb Ballkan, \u00ebsht\u00eb d\u00ebnimi publik i gjenocidit dhe spastrimit etnik t\u00eb shkaktuar nga Serbia, ndryshimi i klas\u00ebs s\u00eb saj politike, \u00e7\u2019indoktrinimi i popullsis\u00eb nga idet\u00eb e Serbis\u00eb s\u00eb Madhe. Nj\u00eb proces i ngjash\u00ebm me at\u00eb q\u00eb ndodhi n\u00eb Gjermanin\u00eb naziste, sepse krimet serbe n\u00eb ish-Jugosllavi jan\u00eb t\u00eb nivelit t\u00eb Holokaustit : 140 000 viktima, shumica popullsi civile, djegie sht\u00ebpish, p\u00ebrdhunime, tortura ekstreme, vrasje makabre, t\u00eb gjitha k\u00ebto si mjet p\u00ebr t\u00eb realizuar q\u00ebllime politike dhe t\u00eb organizuara nga strukturat shtet\u00ebrore t\u00eb Serbis\u00eb.<\/p>\n<p class=\"p1\"><strong>Cfar\u00eb mund t\u00eb b\u00ebjm\u00eb ?<\/strong><\/p>\n<p class=\"p1\">E vetmja m\u00ebnyr\u00eb sjellje me Serbin\u00eb<span class=\"Apple-converted-space\">\u00a0 <\/span>q\u00eb garanton paqen dhe sigurin\u00eb \u00ebsht\u00eb q\u00eb ta mbajm\u00eb larg.<\/p>\n<p class=\"p1\">P\u00ebr k\u00ebt\u00eb ar\u00ebsye duhet refuzuar marr\u00ebveshja. Kosova n\u00eb asnj\u00eb m\u00ebnyr\u00eb nuk duhet t\u00eb futet n\u00eb \u00ab\u00a0minishengenin\u00a0\u00bb serbomadh. Marr\u00ebveshja duhet t\u00eb kaloj\u00eb n\u00eb Kuvendin e Kosov\u00ebs ku mund t\u00eb korrigjohet. Dhe sidomos nuk duhet nxituar p\u00ebr konkretizimin e marr\u00ebveshjes. E mira do t\u00eb ishte q\u00eb t\u00eb mos n\u00ebnshkruhej asgj\u00eb deri n\u00eb vitin 2021.<\/p>\n<p class=\"p1\">Kosova duhet ta nd\u00ebrpriste krejt\u00ebsisht dialogun, p\u00ebrsa koh\u00eb Serbia nuk ia ka njohur pavar\u00ebsin\u00eb. Ndodhemi sot n\u00eb nj\u00eb situat\u00eb ku \u00e7do n\u00ebnshkrim konkret mund t\u00eb p\u00ebrdoret nes\u00ebr p\u00ebr t\u00eb ri-integruar Kosov\u00ebn n\u00eb Serbi.<\/p>\n<p class=\"p1\">Nga ana tjet\u00ebr, n\u00eb Shqip\u00ebri qeveria aktuale e Edi Ram\u00ebs, n\u00eb vazhdim\u00ebsi t\u00eb tradit\u00ebs anti-komb\u00ebtare t\u00eb komunizmit shqiptar, duket se e ka pranuar tashm\u00eb iden\u00eb e \u00ab\u00a0minishengenit\u00a0\u00bb dhe ka pak t\u00eb ngjar\u00eb t\u00eb ndryshoj\u00eb q\u00ebndrim. Prandaj i takon opozit\u00ebs ta denoncoj\u00eb k\u00ebt\u00eb marr\u00ebveshje p\u00ebr t\u2019ia leht\u00ebsuar situat\u00ebn Kosov\u00ebs e cila ka nj\u00eb presion tep\u00ebr t\u00eb madh p\u00ebr ta pranuar n\u00eb nj\u00eb koh\u00eb q\u00eb klasa politike e saj ka qen\u00eb kund\u00ebr marr\u00ebveshjes.<\/p>\n<p class=\"p1\">Tashm\u00eb \u00ebsht\u00eb detyr\u00eb e t\u00eb gjitha forcave komb\u00ebtare q\u00eb t\u00eb punojn\u00eb p\u00ebr fitoren e opozit\u00ebs n\u00eb zgjedhjet e ardhshme n\u00eb Shqip\u00ebri. Por opozita n\u00eb Shqip\u00ebri duhet t\u00eb angazhohet sa m\u00eb par\u00eb p\u00ebr daljen nga marr\u00ebveshja e \u00ab\u00a0minishengenit\u00a0\u00bb, e cila \u00ebsht\u00eb kund\u00ebr interesave komb\u00ebtare shqiptare.<\/p>\n<p class=\"p1\">Shqiptar\u00ebt e Kosov\u00ebs dhe t\u00eb mbar\u00eb Shqiptaris\u00eb ndodhen sot n\u00eb nj\u00eb moment kritik, n\u00eb nj\u00eb udh\u00ebkryq t\u00eb ri t\u00eb historis\u00eb s\u00eb tyre. Situata \u00ebsht\u00eb tep\u00ebr e v\u00ebshtir\u00eb, por jo e pap\u00ebrballueshme. I kemi ende mjetet q\u00eb t\u00eb dalim faqebardh\u00eb nga kjo sfid\u00eb e re. Por duhet treguar guxim, men\u00e7uri dhe qet\u00ebsi dhe largpam\u00ebsi.<\/p>\n<p class=\"p1\"><em><strong>Xhemil Me\u00e7orrapaj<\/strong><\/em><\/p>\n<p class=\"p1\">\n","protected":false},"excerpt":{"rendered":"<p>Marr\u00ebveshja e n\u00ebnshkruar n\u00eb Sht\u00ebpin\u00eb e Bardh\u00eb m\u00eb 4 shtator 2020\u00a0 parashikon q\u00eb Kosova t\u00eb b\u00ebhet pjes\u00eb [&hellip;]<\/p>\n","protected":false},"author":1,"featured_media":0,"comment_status":"closed","ping_status":"open","sticky":false,"template":"","format":"standard","meta":[],"categories":[3,67],"tags":[80,47,79,71,78],"_links":{"self":[{"href":"http:\/\/www.ballikombetar.org\/index.php\/wp-json\/wp\/v2\/posts\/333"}],"collection":[{"href":"http:\/\/www.ballikombetar.org\/index.php\/wp-json\/wp\/v2\/posts"}],"about":[{"href":"http:\/\/www.ballikombetar.org\/index.php\/wp-json\/wp\/v2\/types\/post"}],"author":[{"embeddable":true,"href":"http:\/\/www.ballikombetar.org\/index.php\/wp-json\/wp\/v2\/users\/1"}],"replies":[{"embeddable":true,"href":"http:\/\/www.ballikombetar.org\/index.php\/wp-json\/wp\/v2\/comments?post=333"}],"version-history":[{"count":4,"href":"http:\/\/www.ballikombetar.org\/index.php\/wp-json\/wp\/v2\/posts\/333\/revisions"}],"predecessor-version":[{"id":337,"href":"http:\/\/www.ballikombetar.org\/index.php\/wp-json\/wp\/v2\/posts\/333\/revisions\/337"}],"wp:attachment":[{"href":"http:\/\/www.ballikombetar.org\/index.php\/wp-json\/wp\/v2\/media?parent=333"}],"wp:term":[{"taxonomy":"category","embeddable":true,"href":"http:\/\/www.ballikombetar.org\/index.php\/wp-json\/wp\/v2\/categories?post=333"},{"taxonomy":"post_tag","embeddable":true,"href":"http:\/\/www.ballikombetar.org\/index.php\/wp-json\/wp\/v2\/tags?post=333"}],"curies":[{"name":"wp","href":"https:\/\/api.w.org\/{rel}","templated":true}]}}