{"id":287,"date":"2020-07-15T02:35:00","date_gmt":"2020-07-15T00:35:00","guid":{"rendered":"http:\/\/www.ballikombetar.org\/?p=287"},"modified":"2020-07-15T12:04:39","modified_gmt":"2020-07-15T10:04:39","slug":"pavaresine-e-vulosi-kuvendi-i-kosoves","status":"publish","type":"post","link":"http:\/\/www.ballikombetar.org\/index.php\/2020\/07\/15\/pavaresine-e-vulosi-kuvendi-i-kosoves\/","title":{"rendered":"Pavar\u00ebsin\u00eb e ka vulosur Kuvendi i Kosov\u00ebs !"},"content":{"rendered":"<p>D\u00ebgjojm\u00eb shpesh koh\u00ebt e fundit presidentin e Serbis\u00eb Aleksander Vucic t\u00eb thot\u00eb se Serbia nuk ka p\u00ebr ta njohur pavar\u00ebsin\u00eb e Kosov\u00ebs apo se statusi i saj nuk do t\u00eb diskutohet. E d\u00ebgjojm\u00eb po ashtu t\u00eb flas\u00eb p\u00ebr rezolut\u00ebn 1244 t\u00eb KS t\u00eb OKB dhe t\u00eb mb\u00ebshtes\u00eb aty \u00ab\u00a0sovranitetin\u00a0\u00bb e Serbis\u00eb n\u00eb Kosov\u00eb.<br \/>\nPor kjo \u00ebsht\u00eb nj\u00eb shkelje e hapur e s\u00eb drejt\u00ebs nd\u00ebrkomb\u00ebtare, sepse Kosova ka shpallur pavar\u00ebsin\u00eb n\u00eb p\u00ebrputhje t\u00eb plot\u00eb me t\u00eb drejt\u00ebn nd\u00ebrkomb\u00ebtare. K\u00ebt\u00eb e ka konfirmuar edhe Gjykata Nd\u00ebrkomb\u00ebtare e Drejt\u00ebsis\u00eb (GJND) m\u00eb 22 korrik 2010 e cila n\u00eb konkluzionin e saj thot\u00eb se \u00ab\u00a0Shpallja e Pavar\u00ebsis\u00eb s\u00eb Kosov\u00ebs m\u00eb 17 shkurt 2008 nuk shkel t\u00eb drejt\u00ebn nd\u00ebrkomb\u00ebtare\u00a0\u00bb .<br \/>\nRezoluta 1244 e votuar m\u00eb 10 qershor 1999, megjith\u00ebse e p\u00ebrmendte sovranitetin e Republik\u00ebs Federale t\u00eb Jugosllavis\u00eb, autorizonte OKB-n\u00eb t\u00eb kishte nj\u00eb prani civile dhe ushtarake n\u00eb Kosov\u00eb, e cila do t\u00eb krijonte institucionet demokratike n\u00eb pritje t\u00eb nj\u00eb zgjidhje politike dhe zgjedhjeve.<br \/>\nN\u00eb pik\u00ebn 11e thuhet se prania e OKB-s\u00eb \u00ab\u00a0kishte p\u00ebrgjegj\u00ebsin\u00eb q\u00eb t\u00eb nd\u00ebrmjet\u00ebsonte nj\u00eb proces politik i cili do t\u00eb vendoste statusin e ardhsh\u00ebm t\u00eb Kosov\u00ebs duke marr\u00eb parasysh Marr\u00ebveshjen e Rambujes\u00eb\u00a0\u00bb, ku delegacioni shqiptar kishte k\u00ebrkuar pavar\u00ebsi mb\u00ebshtetur n\u00eb vullnetin e popullit.<br \/>\nKurse n\u00eb pik\u00ebn 11f thuhet se prania e OKB-s\u00eb kishte p\u00ebrgjegj\u00ebsin\u00eb, \u00ab\u00a0n\u00eb nj\u00eb stad final, t\u00eb kalimit t\u00eb pushtetit nga institucionet e p\u00ebrkohshme tek institucionet e dala nga procesi politik\u00a0\u00bb<br \/>\nRezoluta 1244 nuk e paragjykonte statusin final t\u00eb Kosov\u00ebs, por e linte t\u00eb hapur mund\u00ebsin\u00eb e p\u00ebrcaktimit t\u00eb tij si rezultat i nj\u00eb procesi politik.<br \/>\nN\u00eb fund t\u00eb k\u00ebtij procesi politik, Shpallja e Pavar\u00ebsis\u00eb nga Kuvendi i Kosov\u00ebs, i zgjedhur demokratikisht si p\u00ebrfaq\u00ebsues legjitim i popullit t\u00eb Kosov\u00ebs, i dha fund sovranitetit n\u00eb Kosov\u00eb t\u00eb Republik\u00ebs Federale t\u00eb Jugosllavis\u00eb dhe trash\u00ebgimtares s\u00eb saj Serbis\u00eb.<br \/>\nI gjith\u00eb ky proces buronte nga Rezoluta 1244 dhe ishte i bazuar n\u00eb t\u00eb drejt\u00ebn nd\u00ebrkomb\u00ebtare ashtu si\u00e7 e konfirmoi edhe GJND. Mund t\u00eb themi se sot pika 11e \u00ebsht\u00eb p\u00ebrfunduar, kurse pika 11f ka nisur pas shpalljes s\u00eb Pavar\u00ebsis\u00eb dhe \u00ebsht\u00eb n\u00eb vazhdim.<br \/>\nPrandaj nuk ka asnj\u00eb baz\u00eb juridike kur politikan\u00ebt serb\u00eb thon\u00eb se rezoluta 1244 njeh sovranitetin e Serbis\u00eb n\u00eb Kosov\u00eb. M\u00eb e shumta mund t\u00eb thon\u00eb se e njihte n\u00eb vitin 1999, por sot procesi ka ecur p\u00ebrpara dhe statusi final i Kosov\u00ebs \u00ebsht\u00eb vendosur.<br \/>\nRezoluta 1244 iu dha mund\u00ebsin\u00eb Shqiptar\u00ebve t\u00eb Kosov\u00ebs t\u00eb vendosnin p\u00ebr statusin e tyre, dhe p\u00ebrfaq\u00ebsuesit e tyre n\u00eb Kuvendin e Kosov\u00ebs votuan p\u00ebr Pavar\u00ebsi. Q\u00eb nga ky moment Kosova \u00ebsht\u00eb sovrane dhe sovraniteti iu hoq Serbis\u00eb. P\u00ebr k\u00ebt\u00eb ar\u00ebsye shumica e vendeve n\u00eb bot\u00eb e njoh\u00ebn Kosov\u00ebn.<br \/>\nKur politikan\u00ebt e Serbis\u00eb pretendojn\u00eb sot se nuk e njohin Kosov\u00ebn apo se duhet q\u00eb Parlamenti i Serbis\u00eb t\u00eb votoj\u00eb p\u00ebr statusin e Kosov\u00ebs, kjo \u00ebsht\u00eb thjesht nj\u00eb absurditet. Kosova nuk ka nevoj\u00eb q\u00eb t\u00eb njihet nga Serbia, Kosova tashm\u00eb ekziston. Kurse Parlamenti i Serbis\u00eb nuk ka kompetenc\u00eb t\u00eb votoj\u00eb p\u00ebr ekzistenc\u00ebn apo jo t\u00eb nj\u00eb shteti tjet\u00ebr.<br \/>\nE vetmja q\u00eb mund t\u00eb b\u00ebjn\u00eb autoritetet e Serbis\u00eb \u00ebsht\u00eb t\u00eb konstatojn\u00eb Pavar\u00ebsin\u00eb dhe t\u00eb n\u00ebnshkruajn\u00eb nj\u00eb marr\u00ebveshje demarkacioni me Republik\u00ebn e Kosov\u00ebs.<br \/>\nPik\u00ebrisht p\u00ebr k\u00ebt\u00eb ar\u00ebsye p\u00ebrfaq\u00ebsuesit e BE-s\u00eb n\u00eb bisedimet Kosov\u00eb-Serbi flasin p\u00ebr \u00ab\u00a0normalizim\u00a0\u00bb t\u00eb marr\u00ebdh\u00ebnieve dhe jo p\u00ebr \u00ab\u00a0status\u00a0\u00bb.<br \/>\nNuk duhet t\u00eb biem n\u00eb grack\u00ebn e deklaratave t\u00eb drejtuesve t\u00eb Serbis\u00eb t\u00eb cil\u00ebt flasin p\u00ebr mosnjohje t\u00eb Kosov\u00ebs. Jan\u00eb thjesht provokime militant\u00ebsh, jan\u00eb thirrje t\u00eb hapura p\u00ebr luft\u00eb ndaj nj\u00eb shteti tjet\u00ebr dhe si t\u00eb tilla jan\u00eb t\u00eb d\u00ebnueshme nga drejt\u00ebsia nd\u00ebrkomb\u00ebtare.<br \/>\nKosova duhet t\u00eb tregohet e qet\u00eb dhe e duruar n\u00eb bisedimet me Serbin\u00eb, duke b\u00ebr\u00eb kujdes q\u00eb t\u00eb ruaj\u00eb sovranitetin dhe interesat e saj.<br \/>\nQ\u00ebllimi i Serbis\u00eb \u00ebsht\u00eb q\u00eb ta d\u00ebmtoj\u00eb sa m\u00eb shum\u00eb Pavar\u00ebsin\u00eb e Kosov\u00ebs. Disa nga mjetet e saj jan\u00eb pengimi i pranimit t\u00eb Kosov\u00ebs n\u00eb OKB dhe institucione t\u00eb tjera, refuzimi p\u00ebr t\u00eb b\u00ebr\u00eb demarkacionin, fushata p\u00ebr mos-njohjen e Kosov\u00ebs.<br \/>\nPor Kosova nuk ka pse t\u00eb shpejtohet. Demarkacioni ose p\u00ebrcaktimi i vij\u00ebs kufitare \u00ebsht\u00eb b\u00ebr\u00eb me Maqedonin\u00eb e Veriut dhe me Malin e Zi. Edhe n\u00ebse do t\u00eb duhen vite p\u00ebr ta b\u00ebr\u00eb me Serbin\u00eb, puna pret. P\u00ebr t\u00eb marr\u00eb nj\u00eb shembull nga historia, megjith\u00ebse kufijt\u00eb e Shqip\u00ebris\u00eb ishin p\u00ebrcaktuar n\u00eb vitin 1913 nga Konferenca e Londr\u00ebs, demarkacioni p\u00ebrfundoi vet\u00ebm n\u00eb vitin 1925.<br \/>\nPo ashtu edhe hyrja E Kosov\u00ebs n\u00eb OKB apo n\u00eb institucione t\u00eb tjera q\u00eb sot bllokohet nga Serbia apo aleat\u00eb t\u00eb saj, mund t\u00eb pres\u00eb dhe duhet relativizuar r\u00ebnd\u00ebsia e saj.\u00a0 Vet\u00eb ish-Jugosllavia nuk ka qen\u00eb kurr\u00eb antare OKB dhe\u00a0ka hyr\u00eb vet\u00ebm n\u00eb vitin 2000.<\/p>\n<p>Kosova mund t\u00eb funksionoj\u00eb fare mir\u00eb si shtet n\u00eb k\u00ebto kushte edhe p\u00ebr disa dekada. Hapja e rrug\u00ebve me Shqip\u00ebrin\u00eb dhe vende t\u00eb tjera b\u00ebn q\u00eb zhvillimi ekonomik t\u00eb mos pengohet. Sa m\u00eb shum\u00eb koh\u00eb t\u00eb kaloj\u00eb me nj\u00eb shtet funksional t\u00eb Kosov\u00eas, aq m\u00eb t\u00eb interesuar e t\u00eb siguruar do t\u00eb jen\u00eb edhe investitor\u00ebt n\u00eb Kosov\u00eb.<br \/>\nNegociator\u00ebt e Kosov\u00ebs n\u00eb bisedimet me Serbin\u00eb duhet t\u00eb p\u00ebrgatiten q\u00eb t\u00eb mos ken\u00eb sukses p\u00ebr nj\u00eb koh\u00eb t\u00eb gjat\u00eb. Kjo edhe p\u00ebr ar\u00ebsye se p\u00ebrball\u00eb tyre kan\u00eb shovinist\u00eb nga m\u00eb ekstrem\u00ebt. T\u00eb mos harrojm\u00eb se presidenti aktual i Serbis\u00eb Aleksander Vucic ka qen\u00eb Minist\u00ebr i Informacionit n\u00eb qeverin\u00eb e Sllobodan Milloshevicit kur trupat serbe kryenin spastrimin etnik n\u00eb Kosov\u00eb. Si i till\u00eb, Vucic ka patur dijeni p\u00ebr at\u00eb q\u00eb ndodhte n\u00eb Kosov\u00eb, madje e ka nxitur dhe ndihmuar. Si mund t\u00eb bisedohet me k\u00ebt\u00eb njeri, i cili e ka vendin n\u00eb Hag\u00eb, p\u00ebr normalizmin e marr\u00ebdh\u00ebnieve?<br \/>\nDuhet pritur ndoshta 5, 10 apo m\u00eb shum\u00eb vjet, derisa n\u00eb Serbi t\u00eb ket\u00eb t\u00eb tjer\u00eb politikan\u00eb p\u00ebr t\u00eb diskutuar p\u00ebr normalizim t\u00eb marr\u00ebdh\u00ebnieve. Shqiptar\u00ebt e Kosov\u00ebs nuk kan\u00eb se p\u00ebrse t\u00eb nxitohen p\u00ebr t\u00eb realizuar nj\u00eb marr\u00ebveshje t\u00eb keqe, e cila m\u00eb von\u00eb mund t\u00eb sillte pasoja t\u00eb r\u00ebnda p\u00ebr Kosov\u00ebn dhe gjith\u00eb rajonin. P\u00ebrkundrazi duhet t\u00eb ken\u00eb gjith\u00eb koh\u00ebn e duhur p\u00ebr ta studiuar n\u00eb m\u00ebnyr\u00eb transparente dhe p\u00ebr ta votuar n\u00eb Kuvendin e Kosov\u00ebs, legjitimiteti i t\u00eb cilit \u00ebsht\u00eb i padiskutuesh\u00ebm.<\/p>\n<p>U b\u00ebn\u00eb 12 vjet q\u00eb kur Kuvendi shpalli Pavar\u00ebsin\u00eb dhe ende Kosova nuk \u00ebsht\u00eb njohur nga OKB dhe marr\u00ebdh\u00ebniet me Serbin\u00eb nuk jan\u00eb normalizuar. Por nuk \u00ebsht\u00eb kjo di\u00e7ka e jasht\u00ebzakonshme. Le t\u00eb kujtojm\u00eb se Shqip\u00ebria e shpalli Pavar\u00ebsin\u00eb m\u00eb 12 n\u00ebntor 1912 por u njoh nga Turqia vet\u00ebm n\u00eb vitin 1921.<\/p>\n<p>Shqiptar\u00ebt e asaj kohe p\u00ebr vite me radh\u00eb u p\u00ebrpoq\u00ebn p\u00ebr njohjen e Pavar\u00ebsis\u00eb, ashtu sikurse Kosova sot dhe n\u00eb fund ia arrit\u00ebn. Ja si i tregon k\u00ebnga popullore p\u00ebrpjekjet dhe vendosm\u00ebrin\u00eb e Ismail Qemalit p\u00ebr njohjen nga Fuqit\u00eb e M\u00ebdha:<\/p>\n<p><em><strong>\u2026<\/strong><\/em><br \/>\n<em><strong>Un\u00eb jam Ismail Qemali,<\/strong><\/em><br \/>\n<em><strong>Prapa m\u00eb vjen historia.<\/strong><\/em><br \/>\n<em><strong>T\u00eb lut\u00ebm n\u00ebm\u00eb nj\u00eb vul\u00eb,<\/strong><\/em><br \/>\n<em><strong>T\u00eb vuloset kufia.<\/strong><\/em><br \/>\n<em><strong>T\u00eb shtat vulat t&#8217;i dham\u00eb,<\/strong><\/em><br \/>\n<em><strong>Po s\u2019doj t\u00eb vulos\u2019 Turqia.<\/strong><\/em><br \/>\n<em><strong>Do vulos\u2019 se s\u2019\u00ebsht\u00eb pun\u00eb,<\/strong><\/em><br \/>\n<em><strong>\u00cbsht\u00eb imja Shqip\u00ebria!<\/strong><\/em><br \/>\n<em><strong>Sazan e Karaburun<\/strong><\/em><br \/>\n<em><strong>Jan\u00eb vatanet e mija.<\/strong><\/em><\/p>\n<p>&nbsp;<\/p>\n","protected":false},"excerpt":{"rendered":"<p>D\u00ebgjojm\u00eb shpesh koh\u00ebt e fundit presidentin e Serbis\u00eb Aleksander Vucic t\u00eb thot\u00eb se Serbia nuk ka p\u00ebr [&hellip;]<\/p>\n","protected":false},"author":1,"featured_media":0,"comment_status":"closed","ping_status":"open","sticky":false,"template":"","format":"standard","meta":[],"categories":[3,67],"tags":[47,65,74],"_links":{"self":[{"href":"http:\/\/www.ballikombetar.org\/index.php\/wp-json\/wp\/v2\/posts\/287"}],"collection":[{"href":"http:\/\/www.ballikombetar.org\/index.php\/wp-json\/wp\/v2\/posts"}],"about":[{"href":"http:\/\/www.ballikombetar.org\/index.php\/wp-json\/wp\/v2\/types\/post"}],"author":[{"embeddable":true,"href":"http:\/\/www.ballikombetar.org\/index.php\/wp-json\/wp\/v2\/users\/1"}],"replies":[{"embeddable":true,"href":"http:\/\/www.ballikombetar.org\/index.php\/wp-json\/wp\/v2\/comments?post=287"}],"version-history":[{"count":8,"href":"http:\/\/www.ballikombetar.org\/index.php\/wp-json\/wp\/v2\/posts\/287\/revisions"}],"predecessor-version":[{"id":295,"href":"http:\/\/www.ballikombetar.org\/index.php\/wp-json\/wp\/v2\/posts\/287\/revisions\/295"}],"wp:attachment":[{"href":"http:\/\/www.ballikombetar.org\/index.php\/wp-json\/wp\/v2\/media?parent=287"}],"wp:term":[{"taxonomy":"category","embeddable":true,"href":"http:\/\/www.ballikombetar.org\/index.php\/wp-json\/wp\/v2\/categories?post=287"},{"taxonomy":"post_tag","embeddable":true,"href":"http:\/\/www.ballikombetar.org\/index.php\/wp-json\/wp\/v2\/tags?post=287"}],"curies":[{"name":"wp","href":"https:\/\/api.w.org\/{rel}","templated":true}]}}