{"id":234,"date":"2020-02-16T13:21:32","date_gmt":"2020-02-16T12:21:32","guid":{"rendered":"http:\/\/www.ballikombetar.org\/?p=234"},"modified":"2020-03-01T12:42:45","modified_gmt":"2020-03-01T11:42:45","slug":"hymni-i-ballit-kombetar","status":"publish","type":"post","link":"http:\/\/www.ballikombetar.org\/index.php\/2020\/02\/16\/hymni-i-ballit-kombetar\/","title":{"rendered":"Hymni i Ballit Komb\u00ebtar"},"content":{"rendered":"<p>&nbsp;<\/p>\n<p><em>Erdhi koha Shqip\u00ebtar\u00eb<\/em><br \/>\n<em> Shqip\u00ebtar p\u00ebr Shqip\u00ebri<\/em><br \/>\n<em> Gjith s\u2019bashku n\u2019Ball\u2019 Kombtar\u00eb<\/em><br \/>\n<em> Tym e flak\u00eb p\u00ebr Liri<\/em><\/p>\n<p><em>Thrret gjaku i vllazn\u00ebvet<\/em><br \/>\n<em> Qi po shkon rrke<\/em><br \/>\n<em> Zani D\u00ebshmorvet<\/em><br \/>\n<em> Qi shkrihet n\u00eb dhe<\/em><\/p>\n<p><em>P\u00ebr k\u00ebt Flamur t\u00eb bekuem<\/em><br \/>\n<em> Gjith Shqiptar\u00ebt pa dallim<\/em><br \/>\n<em> Kan lidh bes\u00eb\u2019e jan betuem<\/em><br \/>\n<em> Me i ra t\u2019huejit me t\u00ebrbim<\/em><\/p>\n<p><em>Thrret gjaku i vllazn\u00ebvet<\/em><br \/>\n<em> Qi po shkon rrke<\/em><br \/>\n<em> Zani D\u00ebshmorvet<\/em><br \/>\n<em> Qi shkrihet n\u00eb dhe<\/em><\/p>\n<p><em>Kudo flitet gjuh\u2019e t\u2019parvet<\/em><br \/>\n<em> Bij Shqiponjash neve jem\u2019<\/em><br \/>\n<em> Asht \u00ab\u00a0Shqipnija e Shqiptarvet\u00a0\u00bb<\/em><br \/>\n<em> E k\u00ebrkojm\u00eb e do t\u2019a kem.<\/em><\/p>\n<p><em>Thrret gjaku i vllazn\u00ebvet<\/em><br \/>\n<em> Qi po shkon rrke<\/em><br \/>\n<em> Zani D\u00ebshmorvet<\/em><br \/>\n<em> Qi shkrihet n\u00eb dhe<\/em><\/p>\n","protected":false},"excerpt":{"rendered":"<p>&nbsp; Erdhi koha Shqip\u00ebtar\u00eb Shqip\u00ebtar p\u00ebr Shqip\u00ebri Gjith s\u2019bashku n\u2019Ball\u2019 Kombtar\u00eb Tym e flak\u00eb p\u00ebr Liri Thrret [&hellip;]<\/p>\n","protected":false},"author":1,"featured_media":0,"comment_status":"open","ping_status":"open","sticky":false,"template":"","format":"standard","meta":[],"categories":[5,49],"tags":[50,51],"_links":{"self":[{"href":"http:\/\/www.ballikombetar.org\/index.php\/wp-json\/wp\/v2\/posts\/234"}],"collection":[{"href":"http:\/\/www.ballikombetar.org\/index.php\/wp-json\/wp\/v2\/posts"}],"about":[{"href":"http:\/\/www.ballikombetar.org\/index.php\/wp-json\/wp\/v2\/types\/post"}],"author":[{"embeddable":true,"href":"http:\/\/www.ballikombetar.org\/index.php\/wp-json\/wp\/v2\/users\/1"}],"replies":[{"embeddable":true,"href":"http:\/\/www.ballikombetar.org\/index.php\/wp-json\/wp\/v2\/comments?post=234"}],"version-history":[{"count":4,"href":"http:\/\/www.ballikombetar.org\/index.php\/wp-json\/wp\/v2\/posts\/234\/revisions"}],"predecessor-version":[{"id":256,"href":"http:\/\/www.ballikombetar.org\/index.php\/wp-json\/wp\/v2\/posts\/234\/revisions\/256"}],"wp:attachment":[{"href":"http:\/\/www.ballikombetar.org\/index.php\/wp-json\/wp\/v2\/media?parent=234"}],"wp:term":[{"taxonomy":"category","embeddable":true,"href":"http:\/\/www.ballikombetar.org\/index.php\/wp-json\/wp\/v2\/categories?post=234"},{"taxonomy":"post_tag","embeddable":true,"href":"http:\/\/www.ballikombetar.org\/index.php\/wp-json\/wp\/v2\/tags?post=234"}],"curies":[{"name":"wp","href":"https:\/\/api.w.org\/{rel}","templated":true}]}}