{"id":1475,"date":"2026-08-30T12:58:34","date_gmt":"2026-08-30T10:58:34","guid":{"rendered":"http:\/\/www.ballikombetar.org\/?p=1475"},"modified":"2026-08-30T12:58:34","modified_gmt":"2026-08-30T10:58:34","slug":"bujqesia-duhet-te-jete-prioritet-kombetar","status":"publish","type":"post","link":"http:\/\/www.ballikombetar.org\/index.php\/2026\/08\/30\/bujqesia-duhet-te-jete-prioritet-kombetar\/","title":{"rendered":"Bujq\u00ebsia duhet t\u00eb jet\u00eb prioritet komb\u00ebtar"},"content":{"rendered":"\n<p>Duke filluar me vitet &#8217;90 Shqip\u00ebria \u00ebsht\u00eb p\u00ebrballur me dy lloj zhvendosje t\u00eb popullsis\u00eb. Nj\u00eb emigracion drejt vendeve t\u00eb tjera duke b\u00ebr\u00eb q\u00eb gati gjysma e Shqiptar\u00ebve t\u00eb lindur n\u00eb Shqip\u00ebrin\u00eb londineze jetojn\u00eb sot n\u00eb nj\u00eb vend tjet\u00ebr. Por edhe nj\u00eb zhvendosje e brendshme e popullsis\u00eb, nga fshati n\u00eb qytet dhe nga rrethet drejt Tiran\u00ebs. Ky fenomen shkakton p\u00ebrqendrimin e popullsis\u00eb n\u00eb qytete, sidomos n\u00eb kryeqytet dhe e thellon edhe m\u00eb shum\u00eb shpopullimin e fshatrave nga emigracioni i jasht\u00ebm.Duhet kuptuar q\u00eb baza e nj\u00eb vendi \u00ebsht\u00eb fshati. Sepse aty zhvillohet bujq\u00ebsia, e cila nga ana e saj \u00ebsht\u00eb sektori baz\u00eb i ekonomis\u00eb s\u00eb nj\u00eb vendi. Nj\u00eb vend q\u00eb nuk zhvillon bujq\u00ebsin\u00eb, varet nga importi p\u00ebr produktet ushqimore baz\u00eb. Pra mbijetesa e tij varet nga marr\u00ebdh\u00ebniet tregtare me vende t\u00eb tjera, marr\u00ebdh\u00ebnie t\u00eb cilat varen nga ana e tyre nga shum\u00eb parametra t\u00eb cil\u00ebt mund t\u00eb jen\u00eb t\u00eb paparishikuesh\u00ebm. Kjo tregon r\u00ebnd\u00ebsin\u00eb q\u00eb ka bujq\u00ebsia p\u00ebr nj\u00eb vend dhe p\u00ebr nj\u00eb komb.Qeverisja aktuale e ka l\u00ebn\u00eb pas dore bujq\u00ebsin\u00eb dhe ka priviliegjuar sektor\u00eb t\u00eb tjer\u00eb t\u00eb ekonomis\u00eb dhe n\u00eb ve\u00e7anti turizmin. Sigurisht turizmi \u00ebsht\u00eb nj\u00eb sektor q\u00eb mund t\u00eb sjell\u00eb t\u00eb ardhura p\u00ebr vendin, por mbetet nj\u00eb sektor t\u00eb ardhurat e t\u00eb cilit jan\u00eb t\u00eb ndjeshme ndaj shum\u00eb parametrave shumica e t\u00eb cil\u00ebve nuk kan\u00eb t\u00eb b\u00ebjn\u00eb me vendin prit\u00ebs.Shqip\u00ebria ka nj\u00eb interes shum\u00eb t\u00eb madh q\u00eb ta zhvilloj\u00eb bujq\u00ebsin\u00eb, duke iu krijuar kushtet e nevojshme fermer\u00ebve q\u00eb t\u00eb zhvillojn\u00eb aktivitetin e tyre. Duke filluar me infrastruktur\u00ebn dhe subvencionet, por duke shkuar edhe m\u00eb larg, me ndihm\u00ebn p\u00ebr gjetjen e tregjeve dhe sidomos mbrojtjen e prodhimeve shqiptare me an\u00eb t\u00eb nj\u00eb politike t\u00eb p\u00ebrshtatshme t\u00eb tarifave doganore p\u00ebr importet dhe negocimin e tarifave p\u00ebr eksportet. K\u00ebto negociata duhet t\u00eb b\u00ebhen para hyrjes s\u00eb Shqip\u00ebris\u00eb n\u00eb BE, e cila ka nj\u00eb eksperienc\u00eb t\u00eb gjat\u00eb me k\u00ebt\u00eb problematik\u00eb. Marr\u00ebveshje si ajo e &#8220;Ballkanit t\u00eb hapur&#8221; d\u00ebmtojn\u00eb prodhuesit shqiptar\u00eb dhe duhen anulluar.Nga ana tjet\u00ebr arritjet e teknologjis\u00eb duhen p\u00ebrdorur n\u00eb sektorin e bujq\u00ebsis\u00eb sepse leht\u00ebsojn\u00eb pun\u00ebn, rrisin rendimentin, ulin kostot me afat t\u00eb gjat\u00eb dhe e b\u00ebjn\u00eb prodhuesin shqiptar m\u00eb konkurrent n\u00eb tregjet e BE ku synon t\u00eb hyj\u00eb Shqip\u00ebria.Zhvillimi i bujq\u00ebsis\u00eb dhe i zonave rurale apo fshatrave do t\u00eb ndaloj\u00eb shpopullimin e Shqip\u00ebris\u00eb dhe shkomb\u00ebtarizmin e saj i cili \u00ebsht\u00eb konstatuar vitet e fundit dhe q\u00eb rrezikon t\u00eb jet\u00eb edhe m\u00eb i madh n\u00eb vitet q\u00eb vijn\u00eb. \u00cbsht\u00eb edhe nj\u00eb garanci p\u00ebr ruajtjen e kombit shqiptar i cili, si t\u00eb gjith\u00eb kombet e tjer\u00eb, rrezikohet n\u00eb bot\u00ebn e sotme globaliste e cila ka tendenc\u00eb t&#8217;a p\u00ebrq\u00ebndroj\u00eb popullsin\u00eb n\u00eb qytete dhe metropole si dhe t\u00eb nxis\u00eb emigracionin, duke \u00e7uar n\u00eb shp\u00ebrb\u00ebrjen e kombeve dhe shoq\u00ebrive tradicionale.<\/p>\n\n\n\n<p><strong>Xhemil Me\u00e7o<\/strong><\/p>\n\n\n\n<p><\/p>\n","protected":false},"excerpt":{"rendered":"<p>Duke filluar me vitet &#8217;90 Shqip\u00ebria \u00ebsht\u00eb p\u00ebrballur me dy lloj zhvendosje t\u00eb popullsis\u00eb. Nj\u00eb emigracion drejt [&hellip;]<\/p>\n","protected":false},"author":1,"featured_media":0,"comment_status":"closed","ping_status":"closed","sticky":false,"template":"","format":"standard","meta":[],"categories":[3],"tags":[337,336,78],"_links":{"self":[{"href":"http:\/\/www.ballikombetar.org\/index.php\/wp-json\/wp\/v2\/posts\/1475"}],"collection":[{"href":"http:\/\/www.ballikombetar.org\/index.php\/wp-json\/wp\/v2\/posts"}],"about":[{"href":"http:\/\/www.ballikombetar.org\/index.php\/wp-json\/wp\/v2\/types\/post"}],"author":[{"embeddable":true,"href":"http:\/\/www.ballikombetar.org\/index.php\/wp-json\/wp\/v2\/users\/1"}],"replies":[{"embeddable":true,"href":"http:\/\/www.ballikombetar.org\/index.php\/wp-json\/wp\/v2\/comments?post=1475"}],"version-history":[{"count":1,"href":"http:\/\/www.ballikombetar.org\/index.php\/wp-json\/wp\/v2\/posts\/1475\/revisions"}],"predecessor-version":[{"id":1476,"href":"http:\/\/www.ballikombetar.org\/index.php\/wp-json\/wp\/v2\/posts\/1475\/revisions\/1476"}],"wp:attachment":[{"href":"http:\/\/www.ballikombetar.org\/index.php\/wp-json\/wp\/v2\/media?parent=1475"}],"wp:term":[{"taxonomy":"category","embeddable":true,"href":"http:\/\/www.ballikombetar.org\/index.php\/wp-json\/wp\/v2\/categories?post=1475"},{"taxonomy":"post_tag","embeddable":true,"href":"http:\/\/www.ballikombetar.org\/index.php\/wp-json\/wp\/v2\/tags?post=1475"}],"curies":[{"name":"wp","href":"https:\/\/api.w.org\/{rel}","templated":true}]}}