{"id":1304,"date":"2024-09-29T12:25:28","date_gmt":"2024-09-29T10:25:28","guid":{"rendered":"http:\/\/www.ballikombetar.org\/?p=1304"},"modified":"2024-09-29T12:25:28","modified_gmt":"2024-09-29T10:25:28","slug":"fillojne-burgimet-politike-ne-shqiperi","status":"publish","type":"post","link":"http:\/\/www.ballikombetar.org\/index.php\/2024\/09\/29\/fillojne-burgimet-politike-ne-shqiperi\/","title":{"rendered":"Fillojn\u00eb burgimet politike n\u00eb Shqip\u00ebri"},"content":{"rendered":"\n<p>Para disa dit\u00ebsh n\u00eb Shqip\u00ebri u d\u00ebnua me nj\u00eb vit burg deputeti i Partis\u00eb Demokratike Ervin Salianji me akuz\u00ebn p\u00ebr \u00ab&nbsp;kall\u00ebzim t\u00eb rrem\u00eb&nbsp;\u00bb ndaj nj\u00eb familjari t\u00eb nj\u00eb ish-ministri socialist t\u00eb Edi Ram\u00ebs. Por n\u00eb t\u00eb v\u00ebrtet\u00eb \u00ab&nbsp;faji&nbsp;\u00bb i deputeti Ervin Salianji jan\u00eb denoncimet e shumta q\u00eb ai ka b\u00ebr\u00eb ndaj qeveritar\u00ebve socialiste dhe kryeministrit Rama p\u00ebr korrupsionin e pashfrenuar, trafiqet e ndryshme dhe vjedhjen e pamas\u00eb t\u00eb pasurive t\u00eb Shqip\u00ebris\u00eb.<br>Plot 32 vjet pas r\u00ebnies s\u00eb regjimit komunist, kemi t\u00eb b\u00ebjm\u00eb qartas me nj\u00eb d\u00ebnim politik ndaj nj\u00eb deputeti t\u00eb opozit\u00ebs p\u00ebr aktivitetin e tij politik. Ky d\u00ebnim \u00ebsht\u00eb nj\u00eb k\u00ebmban\u00eb alarmi q\u00eb tregon se vendosja e nj\u00eb diktature neo-komuniste po b\u00ebhet realitet. E paralajm\u00ebruar nga vjedhja e zgjedhjeve q\u00eb jan\u00eb themeli i demokracis\u00eb, kapja e institucioneve t\u00eb shtetit t\u00eb s\u00eb drejt\u00ebs, sot kjo diktatur\u00eb po p\u00ebrpiqet t\u2019i mbyll\u00eb goj\u00ebn opozit\u00ebs, ta tremb at\u00eb dhe t\u2019a b\u00ebj\u00eb q\u00eb t\u00eb hesht\u00eb. Sepse q\u00ebllimi i d\u00ebnimit dhe burgosjes s\u00eb deputetit Salianji nuk \u00ebsht\u00eb thjesht heshtja e tij, por \u00ebsht\u00eb trembja e opozit\u00ebs duke e k\u00ebrc\u00ebnuar me burg n\u00ebse dikush nga radh\u00ebt e saj guxon dhe denoncon vjedhjet dhe korrupsionin e qeveritar\u00ebve socialist\u00eb dhe kryeminsitrit t\u00eb tyre Edi Rama.<br>Mund t\u00eb duket e \u00e7uditshme q\u00eb kryeministri Rama, i investuar personalisht n\u00eb nj\u00eb fushat\u00eb denigrimi ndaj deputetit Salianji, duke p\u00ebrdorur madje nj\u00eb fjalor t\u00eb denj\u00eb p\u00ebr nj\u00eb halabak rrug\u00ebsh dhe kurrsesi nj\u00eb kryeminist\u00ebr, t\u00eb guxoj\u00eb t\u00eb p\u00ebrkrah arrestime politike. N\u00eb nj\u00eb koh\u00eb kur Shqip\u00ebria pretendon t\u00eb futet n\u00eb Bashkimin Europian, ku kriteri i demokracis\u00eb dhe i shtetit t\u00eb s\u00eb drejt\u00ebs \u00ebsht\u00eb i panegociuesh\u00ebm.<br>Por ajo q\u00eb duhet kuptuar \u00ebsht\u00eb se Edi Rama nuk d\u00ebshiron q\u00eb Shqip\u00ebria t\u00eb futet n\u00eb BE. Veprimet e tij megallomane si iniciativa p\u00ebr krijimin e shtetit bektashi kan\u00eb pik\u00ebrisht k\u00ebt\u00eb q\u00ebllim : shnd\u00ebrrimin e Shqip\u00ebris\u00eb n\u00eb nj\u00eb vend t\u00eb pap\u00ebrshtatsh\u00ebm p\u00ebr Bashkimin Europian.<br>Edi Rama nuk d\u00ebshiron as rritjen e rolit t\u00eb shqiptar\u00ebve n\u00eb rajon, prandaj hyri me aq d\u00ebshir\u00eb n\u00eb Ballkanin e Hapur t\u00eb kirjuar nga Serbia, q\u00eb ishte nj\u00eb marr\u00ebveshje kryek\u00ebput kund\u00ebr interesave komb\u00ebtare dhe strategjike shqiptare.<br>N\u00eb fakt shpjegimi i k\u00ebtyre q\u00ebndrimeve dhe veprimeve \u00ebsht\u00eb i thjesht\u00eb: Edi Rama e ka kuptuar se njer\u00ebz si ai nuk kan\u00eb vend n\u00eb nj\u00eb Shqip\u00ebri demokratike dhe t\u00eb integruar n\u00eb Per\u00ebndim, nuk kan\u00eb vend n\u00eb nj\u00eb Shqiptari t\u00eb bashkuar q\u00eb z\u00eb vendin q\u00eb i takon n\u00eb rajon. P\u00ebr k\u00ebt\u00eb arsye p\u00ebrpiqet t\u00eb sabotoj\u00eb rrug\u00ebn e Shqip\u00ebris\u00eb drejt s\u00eb ardhmes s\u00eb saj dhe ta mbaj\u00eb at\u00eb t\u00eb vog\u00ebl, t\u00eb izoluar, t\u00eb n\u00ebnshtruar ndaj fqinj\u00ebve por n\u00ebn kontrollin e tij dhe t\u00eb kast\u00ebs s\u00eb tij, p\u00ebr ta shfryt\u00ebzuar pa m\u00ebshir\u00eb, sikurse kan\u00eb b\u00ebr\u00eb baballar\u00ebt e tij shpirt\u00ebror\u00eb t\u00eb shekullit t\u00eb kaluar.<br>Por Shqiptar\u00ebt nuk mund dhe nuk duhet t\u00eb lejojn\u00eb q\u00eb e ardhmja e tyre t\u00eb vidhet nga nj\u00eb kast\u00eb neo-komuniste. \u00cbsht\u00eb momenti q\u00eb ata t\u00eb reagojn\u00eb. Opozita shqiptare, pavar\u00ebsisht ndjeshm\u00ebrive t\u00eb ndryshme politike, duhet t\u00eb tregohet e bashkuar dhe nj\u00ebz\u00ebri ta d\u00ebnoj\u00eb k\u00ebt\u00eb d\u00ebnim politik. Sepse n\u00ebse nuk e b\u00ebn sot, nes\u00ebr do t\u00eb jet\u00eb radha e \u00e7do opozitari, e \u00e7do individi q\u00eb nuk do t\u00eb jet\u00eb dakord me kast\u00ebn neo-komuniste, p\u00ebr t\u00eb shkuar n\u00eb burg.<\/p>\n\n\n\n<p><strong>Xhemil Me\u00e7o<\/strong><\/p>\n\n\n\n<p><\/p>\n","protected":false},"excerpt":{"rendered":"<p>Para disa dit\u00ebsh n\u00eb Shqip\u00ebri u d\u00ebnua me nj\u00eb vit burg deputeti i Partis\u00eb Demokratike Ervin Salianji [&hellip;]<\/p>\n","protected":false},"author":1,"featured_media":0,"comment_status":"closed","ping_status":"closed","sticky":false,"template":"","format":"standard","meta":[],"categories":[3],"tags":[293,244,294],"_links":{"self":[{"href":"http:\/\/www.ballikombetar.org\/index.php\/wp-json\/wp\/v2\/posts\/1304"}],"collection":[{"href":"http:\/\/www.ballikombetar.org\/index.php\/wp-json\/wp\/v2\/posts"}],"about":[{"href":"http:\/\/www.ballikombetar.org\/index.php\/wp-json\/wp\/v2\/types\/post"}],"author":[{"embeddable":true,"href":"http:\/\/www.ballikombetar.org\/index.php\/wp-json\/wp\/v2\/users\/1"}],"replies":[{"embeddable":true,"href":"http:\/\/www.ballikombetar.org\/index.php\/wp-json\/wp\/v2\/comments?post=1304"}],"version-history":[{"count":1,"href":"http:\/\/www.ballikombetar.org\/index.php\/wp-json\/wp\/v2\/posts\/1304\/revisions"}],"predecessor-version":[{"id":1305,"href":"http:\/\/www.ballikombetar.org\/index.php\/wp-json\/wp\/v2\/posts\/1304\/revisions\/1305"}],"wp:attachment":[{"href":"http:\/\/www.ballikombetar.org\/index.php\/wp-json\/wp\/v2\/media?parent=1304"}],"wp:term":[{"taxonomy":"category","embeddable":true,"href":"http:\/\/www.ballikombetar.org\/index.php\/wp-json\/wp\/v2\/categories?post=1304"},{"taxonomy":"post_tag","embeddable":true,"href":"http:\/\/www.ballikombetar.org\/index.php\/wp-json\/wp\/v2\/tags?post=1304"}],"curies":[{"name":"wp","href":"https:\/\/api.w.org\/{rel}","templated":true}]}}