{"id":1302,"date":"2024-09-24T07:41:29","date_gmt":"2024-09-24T05:41:29","guid":{"rendered":"http:\/\/www.ballikombetar.org\/?p=1302"},"modified":"2024-09-24T07:41:29","modified_gmt":"2024-09-24T05:41:29","slug":"marrezia-e-radhes-e-kryeministrit-edi-rama","status":"publish","type":"post","link":"http:\/\/www.ballikombetar.org\/index.php\/2024\/09\/24\/marrezia-e-radhes-e-kryeministrit-edi-rama\/","title":{"rendered":"Marr\u00ebzia e radh\u00ebs e kryeministrit Edi Rama"},"content":{"rendered":"\n<p>N\u00eb fjal\u00ebn e tij n\u00eb OKB n\u00eb dat\u00ebn 22 shtator 2024 kryeministri Edi Rama paska th\u00ebn\u00eb se do t\u00eb p\u00ebrkrah krijimin e \u00ab&nbsp;nj\u00eb shteti sovran bektashi&nbsp;\u00bb n\u00eb territorin ku gjendet sot Kryegjyshata Bot\u00ebrore Bektashiane n\u00eb Tiran\u00eb. Tipike p\u00ebr nj\u00eb megalloman q\u00eb nuk arrin ta vler\u00ebsoj\u00eb pesh\u00ebn e tij, n\u00eb nj\u00eb fjalim q\u00eb ka habitur njer\u00ebzin\u00eb, pasi i b\u00ebri l\u00ebmsh hebrenjt\u00eb gjat\u00eb luft\u00ebs d\u00eb dyt\u00eb, afgan\u00ebt dhe taleban\u00ebt e para disa viteve, bektashinjt\u00eb e gjith\u00eb bot\u00ebs dhe N\u00ebn\u00eb Terez\u00ebn, duke e vendosur veten n\u00eb nj\u00eb radh\u00eb me Zotin, me Per\u00ebndit\u00eb greke dhe me Sk\u00ebnderbeun dhe sigurisht si nj\u00eb lider i shquar nd\u00ebrkomb\u00ebtar q\u00eb i jep drejtim halleve t\u00eb Bot\u00ebs nga tribuna e OKB-s\u00eb, kryeministri Rama me shum\u00eb zem\u00ebrgjer\u00ebsi shpalli se do t\u2019i jap\u00eb nj\u00eb cop\u00eb tok\u00eb shtetit t\u00eb ri bektashian. Tok\u00eb t\u00eb cil\u00ebn do ta marr\u00eb sigurisht nga territori i Shqip\u00ebris\u00eb.&nbsp;<\/p>\n\n\n\n<p>Nuk \u00ebsht\u00eb hera e par\u00eb q\u00eb kryeministri Rama tregohet kaq zem\u00ebrgjer\u00eb. Tok\u00eb n\u00eb p\u00ebrdorim i ka dh\u00ebn\u00eb edhe Italis\u00eb n\u00eb Gjad\u00ebr, q\u00eb ajo t\u00eb sjell\u00eb aty t\u00eb gjith\u00eb refugjat\u00ebt q\u00eb nuk i d\u00ebshiron dhe t\u2019ia b\u00ebj\u00eb peshqesh Shqip\u00ebris\u00eb. Zem\u00ebrgjer\u00eb ka qen\u00eb edhe me Serbin\u00eb, n\u00eb Ballkanin e Hapur t\u00eb s\u00eb cil\u00ebs deshi t\u00eb fus\u00eb gjith\u00eb Shqip\u00ebrin\u00eb dhe Kosov\u00ebn bashk\u00eb. Por k\u00ebsaj radhe zem\u00ebrgjer\u00ebsia e tij kalon n\u00eb nj\u00eb nivel tjet\u00ebr, sepse shtetit t\u00eb ri bektashi k\u00ebrkon t\u2019i jap\u00eb sovranitet! Pra t\u2019i shk\u00ebpus\u00eb p\u00ebrfundimisht Shqip\u00ebris\u00eb nj\u00eb territor p\u00ebr t\u2019ia dh\u00ebn\u00eb nj\u00eb shteti q\u00eb sot ndoshta do t\u00eb drejtohet nga nj\u00eb shqiptar bektashi, por nes\u00ebr fare mir\u00eb do t\u00eb drejtohej nga nj\u00eb bektashi i nj\u00eb vendi tjet\u00ebr q\u00eb s\u2019ka t\u00eb b\u00ebj\u00eb fare me Shqip\u00ebrin\u00eb.&nbsp;<\/p>\n\n\n\n<p>Ajo q\u00eb \u00ebsht\u00eb ironike n\u00eb k\u00ebt\u00eb histori \u00ebsht\u00eb se shqiptar\u00ebt bektashi, t\u00eb cil\u00ebt kan\u00eb qen\u00eb tradicionalisht shtylla e nacionalizmit shqiptar, q\u00eb kan\u00eb luftuar dhe jan\u00eb sakrifikuar p\u00ebr komb\u00ebsin\u00eb shqiptare, p\u00ebr gjuh\u00ebn shqipe dhe q\u00eb kan\u00eb luajtur nj\u00eb rol me r\u00ebnd\u00ebsi jetike p\u00ebr krijimin e shtetit shqiptar, po keqp\u00ebrdoren sot p\u00ebr t\u00eb p\u00ebrmbushur deliret megallomane t\u00eb kryeministrit Rama, q\u00eb k\u00ebrkon t\u00eb marr\u00eb n\u00eb dor\u00eb drejtimin e bektashizmit bot\u00ebror.<\/p>\n\n\n\n<p>K\u00ebto veprime t\u00eb kryeministrit Rama, q\u00eb jan\u00eb n\u00eb kufijt\u00eb e tradh\u00ebtis\u00eb komb\u00ebtare, jan\u00eb t\u00eb rrezikshme p\u00ebr Shqip\u00ebrin\u00eb n\u00eb ve\u00e7anti dhe p\u00ebr Shqiptar\u00ebt n\u00eb p\u00ebrgjith\u00ebsi.<\/p>\n\n\n\n<p>N\u00eb aspektin e brendsh\u00ebm n\u00eb Shqip\u00ebri jan\u00eb nj\u00eb goditje kund\u00ebr bashkjetes\u00ebs fetare. P\u00ebrse nj\u00eb komuniteti fetar t\u2019i jepet nj\u00eb e drejt\u00eb e till\u00eb? P\u00ebrse jo t\u00eb tjer\u00ebve? Bashk\u00ebjetesa fetare q\u00eb ekziston sot n\u00eb Shqip\u00ebri, megjith\u00ebse shqiptar\u00ebt nuk jan\u00eb praktikant\u00eb, \u00ebsht\u00eb rezultat i nj\u00eb evolucioni t\u00eb gjat\u00eb. Ndryshimet e propozuara nga Kryeministri Rama rrezikojn\u00eb t\u00eb prishin disa ekuilibra dhe mund t\u00eb ken\u00eb pasoja t\u00eb rrezikshme p\u00ebr k\u00ebt\u00eb bashk\u00ebjetes\u00eb.<\/p>\n\n\n\n<p>Nga ana tjet\u00ebr, armiqt\u00eb e komb\u00ebsis\u00eb shqiptare do t\u00eb p\u00ebrfitojn\u00eb nga kjo situat\u00eb. Vorio-epirot\u00ebt do t\u00eb k\u00ebrkojn\u00eb shtetin e tyre, sepse gjoja do t\u00eb ndihen t\u00eb k\u00ebrc\u00ebnuar. Dhe ata nuk do t\u00eb k\u00ebrkojn\u00eb vet\u00ebm disa hektar\u00eb tok\u00eb, por disa krahina t\u00eb Shqip\u00ebris\u00eb s\u00eb jugut.<\/p>\n\n\n\n<p>Krijimi i nj\u00eb shteti bektashi do t\u00eb ndryshoj\u00eb imazhin q\u00eb ka bota, sidomos ajo per\u00ebndimore, p\u00ebr shqiptar\u00ebt. Sepse do t\u00eb lexohet si krijimi i nj\u00eb shteti islamik n\u00eb Europ\u00eb, megjith\u00eb retorik\u00ebn e kryeministrit Rama p\u00ebr islam t\u00eb moderuar dhe harmoni fetare. Dhe kjo do t\u00eb ket\u00eb pasoja negative t\u00eb paimagjinueshme.<\/p>\n\n\n\n<p>Por goditjen m\u00eb t\u00eb rrezikshme k\u00ebto veprime t\u00eb pap\u00ebrgjegjshme t\u00eb kryeministrit Rama ia japin Kosov\u00ebs, e cila p\u00ebrpiqet t\u00eb mbroj\u00eb sovranitetin e saj p\u00ebrball\u00eb Serbis\u00eb. P\u00ebrkrahja ndaj Kosov\u00ebs n\u00eb Per\u00ebndim do t\u00eb bjer\u00eb dhe p\u00ebrkrahja ndaj Serbis\u00eb s\u00eb krishter\u00eb do t\u00eb rritet. Bota e sotme nuk \u00ebsht\u00eb m\u00eb ajo e pas Luft\u00ebs s\u00eb Ftoht\u00eb ku promovoheshin vlerat e toleranc\u00ebs, harmonis\u00eb, bashk\u00ebpunimit dhe t\u00eb drejtave njer\u00ebzore. Bota e sotme po shnd\u00ebrrohet n\u00eb nj\u00eb bot\u00eb t\u00eb ndasive etnike, shoq\u00ebrore, fetare etj. dhe kjo tendenc\u00eb mund t\u00eb vazhdoj\u00eb p\u00ebr disa dekada.<\/p>\n\n\n\n<p>T\u00eb gjitha k\u00ebto veprime t\u00eb kryeministrit Rama jan\u00eb n\u00eb kund\u00ebrshtim t\u00eb plot\u00eb me interesin komb\u00ebtar dhe me orientimin e shqiptar\u00ebve drejt demokracis\u00eb dhe liris\u00eb. Si t\u00eb tilla jan\u00eb t\u00eb d\u00ebnueshme dhe, n\u00ebse kan\u00eb fuqi, institucionet e shtetit shqiptar duhet t\u00eb merrnin masa ndaj nj\u00eb kryeministri q\u00eb nuk sillet as m\u00eb shum\u00eb dhe as m\u00eb pak si Esad Pasha n\u00eb koh\u00ebn e tij.<\/p>\n\n\n\n<p>Dhe n\u00ebse shteti shqiptar nuk arrin t\u00eb marr\u00eb masa p\u00ebr t\u00eb mbrojtur t\u00ebr\u00ebsin\u00eb e tij territoriale ndaj k\u00ebtyre marr\u00ebzive, at\u00ebher\u00eb do t\u00eb duhet q\u00eb shqiptar\u00ebt ta rr\u00ebzojn\u00eb nga froni i pushtetit kreyministrin Edi Rama p\u00ebr ta sjell\u00eb at\u00eb me k\u00ebmb\u00eb n\u00eb tok\u00eb.<\/p>\n\n\n\n<p><strong>Xhemil Me\u00e7o<\/strong><\/p>\n\n\n\n<p><\/p>\n","protected":false},"excerpt":{"rendered":"<p>N\u00eb fjal\u00ebn e tij n\u00eb OKB n\u00eb dat\u00ebn 22 shtator 2024 kryeministri Edi Rama paska th\u00ebn\u00eb se [&hellip;]<\/p>\n","protected":false},"author":1,"featured_media":0,"comment_status":"closed","ping_status":"closed","sticky":false,"template":"","format":"standard","meta":[],"categories":[3],"tags":[290,47,291,78],"_links":{"self":[{"href":"http:\/\/www.ballikombetar.org\/index.php\/wp-json\/wp\/v2\/posts\/1302"}],"collection":[{"href":"http:\/\/www.ballikombetar.org\/index.php\/wp-json\/wp\/v2\/posts"}],"about":[{"href":"http:\/\/www.ballikombetar.org\/index.php\/wp-json\/wp\/v2\/types\/post"}],"author":[{"embeddable":true,"href":"http:\/\/www.ballikombetar.org\/index.php\/wp-json\/wp\/v2\/users\/1"}],"replies":[{"embeddable":true,"href":"http:\/\/www.ballikombetar.org\/index.php\/wp-json\/wp\/v2\/comments?post=1302"}],"version-history":[{"count":1,"href":"http:\/\/www.ballikombetar.org\/index.php\/wp-json\/wp\/v2\/posts\/1302\/revisions"}],"predecessor-version":[{"id":1303,"href":"http:\/\/www.ballikombetar.org\/index.php\/wp-json\/wp\/v2\/posts\/1302\/revisions\/1303"}],"wp:attachment":[{"href":"http:\/\/www.ballikombetar.org\/index.php\/wp-json\/wp\/v2\/media?parent=1302"}],"wp:term":[{"taxonomy":"category","embeddable":true,"href":"http:\/\/www.ballikombetar.org\/index.php\/wp-json\/wp\/v2\/categories?post=1302"},{"taxonomy":"post_tag","embeddable":true,"href":"http:\/\/www.ballikombetar.org\/index.php\/wp-json\/wp\/v2\/tags?post=1302"}],"curies":[{"name":"wp","href":"https:\/\/api.w.org\/{rel}","templated":true}]}}