{"id":1298,"date":"2024-09-15T11:18:59","date_gmt":"2024-09-15T09:18:59","guid":{"rendered":"http:\/\/www.ballikombetar.org\/?p=1298"},"modified":"2024-09-15T11:37:33","modified_gmt":"2024-09-15T09:37:33","slug":"me-cilin-koalicion-duhet-te-futet-ne-zgjedhje-balli-kombetar","status":"publish","type":"post","link":"http:\/\/www.ballikombetar.org\/index.php\/2024\/09\/15\/me-cilin-koalicion-duhet-te-futet-ne-zgjedhje-balli-kombetar\/","title":{"rendered":"Me cilin koalicion duhet t\u00eb futet n\u00eb zgjedhje \u00ab\u00a0Balli Komb\u00ebtar\u00a0\u00bb ?"},"content":{"rendered":"\n<p>Pas disa muajsh, n\u00eb gjysm\u00ebn e par\u00eb t\u00eb vitit 2025, n\u00eb Shqip\u00ebri do t\u00eb zhvillohen zgjedhjet e p\u00ebrgjithshme p\u00ebr Kuvend. K\u00ebto zgjedhje zhvillohen n\u00eb nj\u00eb moment kritik sepse do t\u00eb p\u00ebrcaktojn\u00eb jo vet\u00ebm t\u00eb ardhmen e Shqip\u00ebris\u00eb, por do t\u00eb ken\u00eb nj\u00eb ndikim t\u00eb madh edhe p\u00ebr t\u00eb ardhmen e Kosov\u00ebs dhe p\u00ebr vendin q\u00eb do t\u00eb z\u00ebn\u00eb Shqiptar\u00ebt n\u00eb rajon. Pra p\u00ebr rrug\u00ebn q\u00eb do t\u00eb marr\u00eb \u00e7\u00ebshtja komb\u00ebtare shqiptare. P\u00ebr k\u00ebto arsye \u00ebsht\u00eb nj\u00eb domosdoshm\u00ebri historike q\u00eb nacionalizmi shqiptar dhe Balli Komb\u00ebtar t\u00eb p\u00ebrfaq\u00ebsohen n\u00eb Kuvendin e ardhsh\u00ebm p\u00ebr t\u00eb paraqitur aty programin dhe zgjidhjen e tyre p\u00ebr \u00e7\u00ebshtjen komb\u00ebtare shqiptare.<\/p>\n\n\n\n<p>N\u00eb k\u00ebto kushte shtrohet pyetja se si do t\u00eb marr\u00eb pjes\u00eb Balli Komb\u00ebtar n\u00eb k\u00ebto zgjedhje. Sigurisht n\u00eb an\u00ebn e opozit\u00ebs duke patur parasysh politik\u00ebn anti-komb\u00ebtare t\u00eb qeveris\u00eb aktuale socialiste, ve\u00e7an\u00ebrisht n\u00eb raport me Kosov\u00ebn. Por fatkeq\u00ebsisht opozita shqiptare me sa duket nuk do t\u00eb hyj\u00eb n\u00eb k\u00ebto zgjedhje e unifikuar. At\u00ebhere p\u00ebr \u00e7do forc\u00eb apo parti politike t\u00eb opozit\u00ebs shtrohet pyetja se si do t\u00eb hyj\u00eb n\u00eb k\u00ebto zgejdhje. Natyrisht \u00e7do parti mund t\u00eb hyj\u00eb e vetme n\u00eb zgjedhej dhe kjo mbetet gjithmon\u00eb nj\u00eb mund\u00ebsi e mir\u00eb sepse i lejon partis\u00eb t\u00eb punoj\u00eb p\u00ebr programin e saj t\u00eb plot\u00eb. Por dalja vet\u00ebm e partive shp\u00ebrndan votat e opozit\u00ebs dhe zvog\u00eblon shanset e fitores kund\u00ebr pozit\u00ebs aktuale. Prandaj duhet t\u00eb p\u00ebrdoret si zgjidhja e fundit., n\u00eb rast se t\u00eb gjitha zgjidhjet e tjera d\u00ebshtojn\u00eb.<\/p>\n\n\n\n<p>Do t\u00eb ishte m\u00eb e ar\u00ebsyshme q\u00eb nj\u00eb parti e opozit\u00ebs t\u00eb paraqitej n\u00eb zgjedhje brenda nj\u00eb koalicioni zgjedhor. Me sa duket p\u00ebr zgjedhjet e ardhshme do t\u00eb kemi disa koalicione zgjedhore t\u00eb opozit\u00ebs dhe partit\u00eb e opozit\u00ebs do t\u00eb ken\u00eb disa opsione. Peisazhi politik n\u00eb Shqip\u00ebri ende nuk \u00ebsht\u00eb konfiguruar plot\u00ebsisht, por q\u00eb sot Balli Komb\u00ebtar mund t\u00eb shtroj\u00eb pyetjen n\u00ebse duhet t\u00eb dal\u00eb n\u00eb zgjedhjet e ardhshme brenda kolaicionit \u00ab\u00a0Bashk\u00eb fitojm\u00eb\u00a0\u00bb ku gjendet sot.<\/p>\n\n\n\n<p>Mendimi im \u00ebsht\u00eb q\u00eb jo dhe kjo p\u00ebr disa arsye. N\u00eb radh\u00eb t\u00eb par\u00eb ky koalicion nuk p\u00ebrputhet me vlerat themelore t\u00eb nacionalizmit shqiptar dhe me vlerat e Ballit Komb\u00ebtar i cili \u00e7\u00ebshtjen komb\u00ebtare e ka t\u00eb shenjt\u00eb dhe nuk mund t\u00eb toleroj\u00eb lojra me k\u00ebt\u00eb \u00e7\u00ebshtje. Mir\u00ebpo koalicioni \u00ab&nbsp;Bashk\u00eb fitojm\u00eb&nbsp;\u00bb tregoi vitin e kaluar jo nj\u00eb por dy her\u00eb se \u00e7\u00ebshtja komb\u00ebtare nuk i intereson shum\u00eb kur vendosi si kandidat p\u00ebr bashkin\u00eb e Himar\u00ebs dy p\u00ebrfaq\u00ebsues t\u00eb ides\u00eb s\u00eb Vorio-Epirit. Ideja e Vorio-Epirit, q\u00eb do t\u00eb thot\u00eb n\u00eb greqisht \u00ab&nbsp;Epiri i Veriut&nbsp;\u00bb \u00ebsht\u00eb as m\u00eb shum\u00eb dhe as m\u00eb pak se aneksimi i disa krahinave t\u00eb Shqip\u00ebris\u00eb s\u00eb Jugut nga Greqia. Mjafton t\u2019i hedhim nj\u00eb sy historis\u00eb s\u00eb fillimit t\u00eb shekullit t\u00eb kaluar p\u00ebr t\u00eb par\u00eb se sa e rrezikshme u tregua kjo ide p\u00ebr integritetin territorial t\u00eb Shqip\u00ebris\u00eb dhe me sa v\u00ebshtir\u00ebsi u tejkalua ky problem. Prandaj q\u00ebndrimi i Ballit Komb\u00ebtar n\u00eb koalicionin \u00ab&nbsp;Bashk\u00eb Fitojm\u00eb&nbsp;\u00bb \u00ebsht\u00eb i pamundur n\u00ebse ai respekton thjesht programin e tij. P\u00ebr m\u00eb tep\u00ebr veprime ai ato t\u00eb vitit q\u00eb kaloi ky koalicion ka shum\u00eb t\u00eb ngjar\u00eb t\u2019i p\u00ebrs\u00ebris, sepse me sa duket nuk e kupton me t\u00eb v\u00ebrtet\u00eb \u00e7\u00ebshtjen komb\u00ebtare, por e p\u00ebrdor at\u00eb vet\u00ebm p\u00ebr demagogji kur i intereson.<\/p>\n\n\n\n<p>Ndoshta do t\u00eb ket\u00eb q\u00eb do thon\u00eb se dalja nga ky koalicion dhe hyrja n\u00eb nj\u00eb koalicion tjet\u00ebr do t\u00eb shp\u00ebrndaj\u00eb votat. Por dalja me disa koalicione nuk \u00ebsht\u00eb p\u00ebrgjegj\u00ebsia e Ballit Komb\u00ebtar dhe vendimi se me cilin koalicion rreshtohet nuk do t\u00eb ndikoj\u00eb n\u00eb rezultatin final t\u00eb opozit\u00ebs.<\/p>\n\n\n\n<p>Ndoshta do t\u00eb ket\u00eb q\u00eb do t\u00eb thon\u00eb se shumica e votuesve t\u00eb Balli Komb\u00ebtar votojn\u00eb vet\u00ebm kur ky \u00ebsht\u00eb n\u00eb nj\u00eb koalicion t\u00eb drejtuar nga PD. Por kjo nuk \u00ebsht\u00eb e v\u00ebrtet\u00eb. Po t\u00eb shikojm\u00eb rezultatet e zgjedhjeve t\u00eb fundit parlamentare mund t\u00eb konstatojm\u00eb se nga k\u00ebta lloj votuesish kan\u00eb mbetur fare pak. Shumica e votuesve nacionalist\u00eb t\u00eb BK nuk votojn\u00eb fare pik\u00ebrisht nga koalicioni me PD.<\/p>\n\n\n\n<p>Dhe s\u00eb fundmi bashk\u00ebpunimi me PD n\u00eb koalicione nuk ka qen\u00eb shum\u00eb i frytsh\u00ebm p\u00ebr Ballin Komb\u00ebtar. \u00cbsht\u00eb koha q\u00eb t\u00eb provohen alternativa t\u00eb tjera, ku nacionalizmi dhe programi i BK t\u00eb z\u00ebn\u00eb vendin q\u00eb u takon.<\/p>\n\n\n\n<p><strong>Xhemil Me\u00e7o<\/strong><\/p>\n\n\n\n<p><\/p>\n","protected":false},"excerpt":{"rendered":"<p>Pas disa muajsh, n\u00eb gjysm\u00ebn e par\u00eb t\u00eb vitit 2025, n\u00eb Shqip\u00ebri do t\u00eb zhvillohen zgjedhjet e [&hellip;]<\/p>\n","protected":false},"author":1,"featured_media":0,"comment_status":"closed","ping_status":"closed","sticky":false,"template":"","format":"standard","meta":[],"categories":[3],"tags":[36,280],"_links":{"self":[{"href":"http:\/\/www.ballikombetar.org\/index.php\/wp-json\/wp\/v2\/posts\/1298"}],"collection":[{"href":"http:\/\/www.ballikombetar.org\/index.php\/wp-json\/wp\/v2\/posts"}],"about":[{"href":"http:\/\/www.ballikombetar.org\/index.php\/wp-json\/wp\/v2\/types\/post"}],"author":[{"embeddable":true,"href":"http:\/\/www.ballikombetar.org\/index.php\/wp-json\/wp\/v2\/users\/1"}],"replies":[{"embeddable":true,"href":"http:\/\/www.ballikombetar.org\/index.php\/wp-json\/wp\/v2\/comments?post=1298"}],"version-history":[{"count":2,"href":"http:\/\/www.ballikombetar.org\/index.php\/wp-json\/wp\/v2\/posts\/1298\/revisions"}],"predecessor-version":[{"id":1300,"href":"http:\/\/www.ballikombetar.org\/index.php\/wp-json\/wp\/v2\/posts\/1298\/revisions\/1300"}],"wp:attachment":[{"href":"http:\/\/www.ballikombetar.org\/index.php\/wp-json\/wp\/v2\/media?parent=1298"}],"wp:term":[{"taxonomy":"category","embeddable":true,"href":"http:\/\/www.ballikombetar.org\/index.php\/wp-json\/wp\/v2\/categories?post=1298"},{"taxonomy":"post_tag","embeddable":true,"href":"http:\/\/www.ballikombetar.org\/index.php\/wp-json\/wp\/v2\/tags?post=1298"}],"curies":[{"name":"wp","href":"https:\/\/api.w.org\/{rel}","templated":true}]}}