{"id":1210,"date":"2023-11-19T21:17:28","date_gmt":"2023-11-19T20:17:28","guid":{"rendered":"http:\/\/www.ballikombetar.org\/?p=1210"},"modified":"2023-11-19T22:53:24","modified_gmt":"2023-11-19T21:53:24","slug":"botohet-libri-abas-ermenji-nje-jete-per-shqiperine","status":"publish","type":"post","link":"http:\/\/www.ballikombetar.org\/index.php\/2023\/11\/19\/botohet-libri-abas-ermenji-nje-jete-per-shqiperine\/","title":{"rendered":"Botohet libri \u00ab\u00a0Abas Ermenji &#8211; Nj\u00eb Jet\u00eb P\u00ebr Shqip\u00ebrin\u00eb\u00a0\u00bb"},"content":{"rendered":"\n<p><em>Me rastin e 20-vjetorit t\u00eb ndarjes nga jeta t\u00eb Profesor Abas Ermenjit botohet libri &#8220;Abas Ermenji &#8211; Nj\u00eb Jet\u00eb Per Shqip\u00ebrin\u00eb&#8221; me autor Xhemil Me\u00e7o. M\u00eb posht\u00eb mund t\u00eb lexoni parath\u00ebnien e k\u00ebtij libri.<\/em><\/p>\n\n\n\n<p>Profesor Abas Ermenjin e kam takuar p\u00ebr her\u00eb t\u00eb par\u00eb n\u00eb fundin e ver\u00ebs s\u00eb vitit 1990. Sapo kisha arritur si refugjat me ambasadat n\u00eb Franc\u00eb me nj\u00eb grup t\u00eb rinjsh shqiptar\u00eb. Autoritetet franceze na kishin vendosur n\u00eb nj\u00eb qytet t\u00eb vog\u00ebl n\u00eb periferin\u00eb e larg\u00ebt t\u00eb Parisit, dhe Profesori u kishte k\u00ebrkuar atyre ta lejonin q\u00eb t\u00eb vinte t\u00eb na takonte dhe t\u00eb na fliste.&nbsp;<\/p>\n\n\n\n<p>Ishim t\u00eb gjith\u00eb t\u00eb impresionuar dhe kureshtar\u00eb. E d\u00ebgjuam n\u00eb heshtje sepse, megjith\u00ebse pak kush e njihte n\u00eb t\u00eb v\u00ebrtet\u00eb, t\u00eb gjith\u00eb e kuptonin se b\u00ebhej fjal\u00eb p\u00ebr nj\u00eb kund\u00ebrshtar t\u00eb komunizmit, apo n\u00eb terminologjin\u00eb komuniste nj\u00eb \u00ab armik\u00bb t\u00eb tij. N\u00eb nj\u00eb sall\u00eb ku ishim rreth 50 veta, Profesori na foli p\u00ebr rreth nj\u00eb or\u00eb p\u00ebr historin\u00eb e Shqip\u00ebris\u00eb, p\u00ebr nacionalizmin shqiptar, p\u00ebr Kosov\u00ebn dhe, n\u00eb fund, p\u00ebr gjendjen e at\u00ebhershme n\u00eb Shqip\u00ebri dhe se n\u00eb \u00e7far\u00eb drejtimi duhet t\u00eb shkohej.&nbsp;<\/p>\n\n\n\n<p>Historia e Shqip\u00ebris\u00eb, \u00e7\u00ebshtja komb\u00ebtare shqiptare dhe zgjidhja e saj do t\u00eb ishin gjithmon\u00eb tema e bisedave me Profesorin, si n\u00eb ambiente publike por edhe n\u00eb ato private apo familjare, ku m\u00eb von\u00eb do t\u00eb kisha rastin t\u00eb isha i pranish\u00ebm.&nbsp;<\/p>\n\n\n\n<p>Pas k\u00ebtij takimi t\u00eb par\u00eb, do ta takoja rregullisht Abas Ermenjin n\u00eb Paris. Pasi m\u00eb pyeste p\u00ebr studimet q\u00eb kisha filluar apo se si po kaloja me hallet dhe problemet e emigrimit, biseda kalonte shpejt n\u00eb temat e preferuara t\u00eb historis\u00eb dhe politik\u00ebs. Kishte raste q\u00eb m\u00eb fliste edhe p\u00ebr ngjarje, ndodhi apo personazhe t\u00eb koh\u00ebs s\u00eb Luft\u00ebs, duke sjell\u00eb aty nj\u00eb koh\u00eb t\u00eb kaluar, mjaft interesante dhe shum\u00eb larg asaj q\u00eb na lejon t\u00eb shohim historia n\u00eb p\u00ebrgjith\u00ebsi dhe aq m\u00eb pak historia zyrtare komuniste.&nbsp;<\/p>\n\n\n\n<p>Gjat\u00eb asaj kohe, por edhe m\u00eb von\u00eb, pas kthimit n\u00eb Tiran\u00eb, pata rastin ta njoh nga af\u00ebr Profesor Abas Ermenjin. Ndryshe nga \u00e7\u2019e paraqiste propaganda komuniste, Profesor Ermenji ishte nj\u00eb atdhetar i v\u00ebrtet\u00eb, i pasionuar p\u00ebr \u00e7\u00ebshtjen komb\u00ebtare dhe i p\u00ebrkushtuar p\u00ebr Shqip\u00ebrin\u00eb, at\u00eb Etnike sigurisht. E gjith\u00eb jeta e tij i ishte kushtuar Shqip\u00ebris\u00eb dhe asgj\u00eb tjet\u00ebr nuk i interesonte. I rrept\u00eb, me autoritet t\u00eb natyrsh\u00ebm, por i kuptuesh\u00ebm dhe shum\u00eb njer\u00ebzor. Fliste bukur dhe i b\u00ebnte shum\u00eb interesante dhe t\u00ebrheq\u00ebse bisedat. Mund ta d\u00ebgjoje pa u lodhur t\u00eb fliste p\u00ebr or\u00eb t\u00eb t\u00ebra p\u00ebr \u00e7\u00ebshtjet q\u00eb i kishte pasion.&nbsp;<\/p>\n\n\n\n<p>N\u00eb pjes\u00ebn e par\u00eb t\u00eb k\u00ebtij libri do t\u00eb gjeni jet\u00ebshkrimin e Abas Ermenjit, t\u00eb bazuar n\u00eb kujtimet e mia nga bisedat e zhvilluara gjat\u00eb q\u00ebndrimit t\u00eb tij n\u00eb Tiran\u00eb midis viteve 1995-2001, por edhe n\u00eb librat me kujtime t\u00eb oficer\u00ebve britanik\u00eb me mision n\u00eb Shqip\u00ebri gjat\u00eb Luft\u00ebs II, si dhe n\u00eb botime t\u00eb tjera, t\u00eb Ballit Komb\u00ebtar apo nga autor\u00eb t\u00eb tjer\u00eb, p\u00ebrfshir\u00eb ato t\u00eb vet\u00eb Profesor Abas Ermenjit. List\u00ebn e plot\u00eb t\u00eb tyre mund t\u2019a gjeni n\u00eb bibliografin\u00eb n\u00eb fund t\u00eb k\u00ebtij libri.&nbsp;<\/p>\n\n\n\n<p>N\u00eb pjes\u00ebn e dyt\u00eb do t\u00eb gjeni shkrime t\u00eb Profesor Abas Ermenjit: artikuj t\u00eb botuar tek gazeta e Ballit Komb\u00ebtar \u201cFlamuri\u201d, e cila botohej n\u00eb m\u00ebrgim, thirrje drejtuar shqiptar\u00ebve kryesisht pas rikthimit n\u00eb Shqip\u00ebri, botuar tek gazeta \u00abBalli i Kombit\u00bb n\u00eb Tiran\u00eb, si ajo e 9 marsit 1999 p\u00ebr Kosov\u00ebn, por edhe dy poezi, nj\u00eb tjet\u00ebr pasion i tij. M\u00eb tej, do t\u00eb gjeni edhe disa shkrime kushtuar Profesor Abas Ermenjit, kopje t\u00eb disa dokumenteve dhe nj\u00eb list\u00eb t\u00eb datave dhe ngjarjeve me r\u00ebnd\u00ebsi n\u00eb jet\u00ebn e tij.&nbsp;<\/p>\n\n\n\n<p>Libri mbyllet me nj\u00eb epilog dhe me treguesin e tekstit dhe fotografive.&nbsp;<\/p>\n\n\n\n<p>Ideja p\u00ebr t\u00eb shkruar k\u00ebt\u00eb lib\u00ebr nuk \u00ebsht\u00eb re. Prej koh\u00ebsh kisha mbledhur artikujt dhe burimet q\u00eb jan\u00eb p\u00ebrdorur p\u00ebr shkrimin e k\u00ebtij libri. Por mendova se tani, n\u00eb 20-vjetorin e ndarjes nga jeta t\u00eb Profesor Abas Ermenjit, ishte momenti i duhur. P\u00ebr tre arsye.&nbsp;<\/p>\n\n\n\n<p>N\u00eb radh\u00eb t\u00eb par\u00eb p\u00ebr t\u00eb sjell\u00eb p\u00ebrpara lexuesit shqiptar nj\u00eb pamje t\u00eb asaj q\u00eb ndodhte n\u00eb m\u00ebrgim n\u00eb periudh\u00ebn e diktatur\u00ebs komuniste, t\u00eb aktivitetit politik dhe komb\u00ebtar q\u00eb zhvillohej atje. Dhe ve\u00e7an\u00ebrisht rolin e madh q\u00eb ka luajtur Profesor Abas Ermenji n\u00eb ve\u00e7anti dhe Balli Komb\u00ebtar n\u00eb p\u00ebrgjith\u00ebsi n\u00eb p\u00ebrpjekjet p\u00ebr \u00e7\u00ebshtjen komb\u00ebtare dhe \u00e7lirimin nga diktatura komuniste.&nbsp;<\/p>\n\n\n\n<p>N\u00eb radh\u00eb t\u00eb dyt\u00eb, p\u00ebr t\u2019iu treguar nacionalist\u00ebve shqiptar\u00eb, familjeve t\u00eb tyre, se sakrifica q\u00eb ata b\u00ebn\u00eb nuk ishte e kot\u00eb dhe e pakuptimt\u00eb. Kjo sakrific\u00eb u b\u00eb p\u00ebr \u00e7\u00ebshtjen komb\u00ebtare, p\u00ebr mbrojtjen e kombit shqiptar kund\u00ebr armiqve t\u00eb tij, t\u00eb mish\u00ebruar n\u00eb komunizmin barbar. \u00c7lirimi i Kosov\u00ebs nga sundimi serb ishte rezultat i drejtp\u00ebrdrejt i k\u00ebsaj sakrifice t\u00eb madhe.&nbsp;<\/p>\n\n\n\n<p>Dhe s\u00eb treti, \u00e7\u00ebshtja komb\u00ebtare ende nuk \u00ebsht\u00eb zgjidhur p\u00ebrfundimisht. Ka ende shum\u00eb pun\u00eb dhe p\u00ebrpjekje p\u00ebr t\u00eb b\u00ebr\u00eb deri tek bashkimi i t\u00eb gjitha trojeve shqiptare n\u00eb Shqip\u00ebrin\u00eb Etnike. Dhe personalitete si Abas Ermenji, me shembullin e tyre, na drejtojn\u00eb, na japin guxim dhe na tregojn\u00eb rrug\u00ebn q\u00eb duhet t\u00eb ndjekim. Rruga e tij dhe e shok\u00ebve t\u00eb tij nuk mund t\u00eb lihet n\u00eb mes, ajo duhet vazhduar deri n\u00eb fund, p\u00ebrndryshe kombi shqiptar rrezikon t\u00eb b\u00ebj\u00eb t\u00eb nj\u00ebjtat gabime dhe t\u2019i vijn\u00eb p\u00ebrs\u00ebri t\u00eb nj\u00ebjtat fatkeq\u00ebsi. Prandaj shembullin e Profesor Abas Ermenjit, jet\u00ebn dhe vepr\u00ebn e tij kushtuar Shqip\u00ebris\u00eb dhe \u00e7\u00ebshtjes komb\u00ebtare duhet t\u2019i kujtojm\u00eb dhe nderojm\u00eb kurdoher\u00eb.&nbsp;<\/p>\n\n\n\n<p>Ky lib\u00ebr i drejtohet gjith\u00eb shqiptar\u00ebve q\u00eb d\u00ebshirojn\u00eb t\u00eb m\u00ebsojn\u00eb p\u00ebr historin\u00eb e Shqip\u00ebris\u00eb n\u00eb shekullin e XX-t\u00eb. Nx\u00ebn\u00ebsit e shkollave t\u00eb mesme dhe student\u00ebt mund t\u00eb gjejn\u00eb shkrime tejet interesante t\u00eb Profesor Abas Ermenjit p\u00ebr personalitete t\u00eb Rilindjes Komb\u00ebtare por edhe p\u00ebr Luft\u00ebn e II-t\u00eb Bot\u00ebrore. Studiuesit e historis\u00eb mund t\u00eb gjejn\u00eb gjithashtu analiza, fakte dhe dokumente interesante t\u00eb asaj periudhe. Kurse bibliografia n\u00eb fund t\u00eb librit mund t\u2019i ndihmoj\u00eb t\u00eb shkojn\u00eb m\u00eb tej n\u00eb k\u00ebrkimet e tyre p\u00ebr t\u2019a kuptuar m\u00eb mir\u00eb k\u00ebt\u00eb periudh\u00eb t\u00eb v\u00ebshtir\u00eb t\u00eb historis\u00eb s\u00eb Shqip\u00ebris\u00eb dhe kombit shqiptar.&nbsp;<\/p>\n\n\n\n<p><strong>Xhemil Me\u00e7o<\/strong><\/p>\n\n\n\n<p><em><strong>Sh\u00ebnim:<\/strong> ky lib\u00ebr u p\u00ebrgatit nga &#8220;Botimet Balli i Kombit&#8221; dhe mund t\u00eb porositet n\u00eb Amazon n\u00eb adres\u00ebn  <\/em><a href=\"https:\/\/www.amazon.com\/abas-ermenji-nj\u00eb-jet\u00eb-shqip\u00ebrin\u00eb\/dp\/2958713202\/\" data-type=\"URL\" data-id=\"https:\/\/www.amazon.com\/abas-ermenji-nj\u00eb-jet\u00eb-shqip\u00ebrin\u00eb\/dp\/2958713202\/\">https:\/\/www.amazon.com\/abas-ermenji-nj\u00eb-jet\u00eb-shqip\u00ebrin\u00eb\/dp\/2958713202\/<\/a><\/p>\n\n\n\n<p><\/p>\n","protected":false},"excerpt":{"rendered":"<p>Me rastin e 20-vjetorit t\u00eb ndarjes nga jeta t\u00eb Profesor Abas Ermenjit botohet libri &#8220;Abas Ermenji &#8211; [&hellip;]<\/p>\n","protected":false},"author":1,"featured_media":1212,"comment_status":"closed","ping_status":"closed","sticky":false,"template":"","format":"standard","meta":[],"categories":[11,15,3,4,102,2,7,32],"tags":[31,36,271,273,47,24,272,237],"_links":{"self":[{"href":"http:\/\/www.ballikombetar.org\/index.php\/wp-json\/wp\/v2\/posts\/1210"}],"collection":[{"href":"http:\/\/www.ballikombetar.org\/index.php\/wp-json\/wp\/v2\/posts"}],"about":[{"href":"http:\/\/www.ballikombetar.org\/index.php\/wp-json\/wp\/v2\/types\/post"}],"author":[{"embeddable":true,"href":"http:\/\/www.ballikombetar.org\/index.php\/wp-json\/wp\/v2\/users\/1"}],"replies":[{"embeddable":true,"href":"http:\/\/www.ballikombetar.org\/index.php\/wp-json\/wp\/v2\/comments?post=1210"}],"version-history":[{"count":4,"href":"http:\/\/www.ballikombetar.org\/index.php\/wp-json\/wp\/v2\/posts\/1210\/revisions"}],"predecessor-version":[{"id":1215,"href":"http:\/\/www.ballikombetar.org\/index.php\/wp-json\/wp\/v2\/posts\/1210\/revisions\/1215"}],"wp:featuredmedia":[{"embeddable":true,"href":"http:\/\/www.ballikombetar.org\/index.php\/wp-json\/wp\/v2\/media\/1212"}],"wp:attachment":[{"href":"http:\/\/www.ballikombetar.org\/index.php\/wp-json\/wp\/v2\/media?parent=1210"}],"wp:term":[{"taxonomy":"category","embeddable":true,"href":"http:\/\/www.ballikombetar.org\/index.php\/wp-json\/wp\/v2\/categories?post=1210"},{"taxonomy":"post_tag","embeddable":true,"href":"http:\/\/www.ballikombetar.org\/index.php\/wp-json\/wp\/v2\/tags?post=1210"}],"curies":[{"name":"wp","href":"https:\/\/api.w.org\/{rel}","templated":true}]}}