{"id":1188,"date":"2023-08-16T17:23:15","date_gmt":"2023-08-16T15:23:15","guid":{"rendered":"http:\/\/www.ballikombetar.org\/?p=1188"},"modified":"2023-08-16T17:37:57","modified_gmt":"2023-08-16T15:37:57","slug":"greqia-kerkon-te-ngjalle-vorio-epirin","status":"publish","type":"post","link":"http:\/\/www.ballikombetar.org\/index.php\/2023\/08\/16\/greqia-kerkon-te-ngjalle-vorio-epirin\/","title":{"rendered":"Greqia k\u00ebrkon t\u00eb ngjall\u00eb \u00ab\u00a0Vorio-Epirin\u00a0\u00bb"},"content":{"rendered":"\n<p>N\u00eb dat\u00ebn 14 gusht u mbajt n\u00eb Himar\u00eb nj\u00eb protest\u00eb p\u00ebr lirimin e Fredi Belerit, i cili n\u00eb zgjedhjet e fundit vendore ishte kandidat i aleanc\u00ebs \u00ab\u00a0Bashk\u00eb Fitojm\u00eb\u00a0\u00bb, i propozuar nga PBDNJ. N\u00eb k\u00ebt\u00eb protest\u00eb merrnin pjes\u00eb edhe kryetar\u00ebt e bashkive t\u00eb dy qyteteve m\u00eb t\u00eb m\u00ebdha t\u00eb Greqis\u00eb, Athin\u00ebs dhe Selanikut. Ajo q\u00eb k\u00ebrkohej nga pjes\u00ebmarr\u00ebsit ishte lirimi i Fredi Belerit, i cili dy dit\u00eb para zgjedhjeve u ndalua nga policia me akuz\u00ebn e krimit elektoral t\u00eb shitblerjes s\u00eb vot\u00ebs dhe si rrjedhoj\u00eb nuk ka mundur t\u00eb marr\u00eb detyr\u00ebn e kryetarit t\u00eb bashkis\u00eb s\u00eb Himar\u00ebs, pas zgjedhjeve t\u00eb 14 majit ku \u00ab\u00a0fitoi\u00a0\u00bb me 19 vota ndaj kandidatit t\u00eb partis\u00eb socialiste.<br>Por p\u00ebrse Greqia interesohet kaq shum\u00eb p\u00ebr nj\u00eb \u00e7\u00ebshtje t\u00eb brendshme t\u00eb Shqip\u00ebris\u00eb? Rasti i dy kryetar\u00ebve t\u00eb bashkive nuk \u00ebsht\u00eb i pari. Q\u00eb prej ndalimit t\u00eb tij, Greqia \u00ebsht\u00eb p\u00ebrpjekur ta ndikoj\u00eb drejt\u00ebsin\u00eb n\u00eb Shqip\u00ebri q\u00eb Fredi Beleri t\u00eb lirohet dhe t\u00eb njihet si kryetar i bashkis\u00eb s\u00eb Himar\u00ebs. Kryeministri i Greqis\u00eb, Ministri i Jasht\u00ebm, komisioner\u00eb grek n\u00eb Bashkimin Europian, deputet\u00eb grek\u00eb etj. jan\u00eb hedhur n\u00eb sulm ndaj Shqip\u00ebris\u00eb duke arritur deri atje sa ta k\u00ebrc\u00ebnojn\u00eb me bllokimin e rrug\u00ebtimit t\u00eb saj drejt Bashkimit Europian. \u00cbsht\u00eb ky nj\u00eb q\u00ebndrimi i \u00e7uditsh\u00ebm ku nj\u00eb shtet i BE p\u00ebrpiqet me arroganc\u00eb t\u00eb nd\u00ebrhyj\u00eb n\u00eb pun\u00ebt e brendshme t\u00eb nj\u00eb shteti fqinj. Greqia pra po nd\u00ebrhyn haptas n\u00eb pun\u00ebt e brendshme t\u00eb Shqip\u00ebris\u00eb dhe po p\u00ebrpiqet t\u00eb ndikoj\u00eb institucionet e drejt\u00ebsis\u00eb shqiptare.<br>Nd\u00ebrhyrja e Greqis\u00eb n\u00eb k\u00ebt\u00eb \u00e7\u00ebshtje ka vet\u00ebm nj\u00eb shpjegim: ajo po synon t\u00eb ringjall\u00eb fantazm\u00ebn e Vorio-Epirit dhe t\u00eb c\u00ebnoj\u00eb integritetin territorial t\u00eb Shqip\u00ebris\u00eb. <br>Himara \u00ebsht\u00eb v\u00ebn\u00eb prej koh\u00ebsh n\u00eb sh\u00ebnjestr\u00ebn e qarqeve ekstremiste vorio-epirote n\u00eb Greqi, t\u00eb cilat jan\u00eb p\u00ebrpjekur ta paraqesin n\u00eb m\u00ebnyr\u00eb t\u00eb g\u00ebnjesht\u00ebrt k\u00ebt\u00eb qytet shqiptar si pjes\u00eb t\u00eb minoritetit grek. Duke shfryt\u00ebzuar problemet me pronat q\u00eb, si n\u00eb t\u00eb gjith\u00eb Shqip\u00ebrin\u00eb, ekzistojn\u00eb edhe n\u00eb Himar\u00eb, k\u00ebto qarqe ka koh\u00eb q\u00eb p\u00ebrpiqen t\u00eb vendosin n\u00eb krye t\u00eb bashkis\u00eb nj\u00eb partizan t\u00eb Vorio-Epirit. Dhe Fredi Beleri duket se \u00ebsht\u00eb nj\u00eb i till\u00eb. Gjat\u00eb fushat\u00ebs s\u00eb tij n\u00eb Greqi flamuri i Vorio-Epirit shfaqej qartas n\u00eb sfond. Z. Beleri justifikohet dhe thot\u00eb se nuk e kishte v\u00ebn\u00eb re, por \u00e7far\u00eb ndryshon kjo kur duket qart\u00eb se ai ndodhet n\u00eb mes t\u00eb qarqeve m\u00eb ekstremiste greke q\u00eb promovojn\u00eb iden\u00eb e Vorio-Epirit.<br>Duke p\u00ebrkrahur nj\u00eb partizan t\u00eb Vorio-Epirit, duket qart\u00eb q\u00eb edhe Greqia zyrtare po p\u00ebrkrah iden\u00eb e Vorio-Epirit, th\u00ebn\u00eb ndryshe aneksimin e Shqip\u00ebris\u00eb s\u00eb jugut.<br>Por si reagon Shqip\u00ebria ndaj k\u00ebtij sulmi? P\u00ebr fat t\u00eb keq, thuajse fare. N\u00eb radh\u00eb t\u00eb par\u00eb politika shqiptare t\u00eb l\u00eb p\u00ebrshtypjen se nuk e ka iden\u00eb e interesit komb\u00ebtar dhe as nuk e njeh historin\u00eb. Por luan m\u00eb nj\u00eb \u00e7\u00ebshtje kaq t\u00eb ndjeshme p\u00ebr interesa politike afat-shkurtra duke harruar q\u00eb jan\u00eb interesat komb\u00ebtare ato q\u00eb mund t\u00eb d\u00ebmtohen r\u00ebnd\u00eb. Opozita, n\u00eb m\u00ebnyr\u00eb krejt t\u00eb pakuptimt\u00eb, vendosi t\u00eb bashk\u00ebpunoj\u00eb me PBDNJ n\u00eb Himar\u00eb dhe ra dakord p\u00ebr kandidatur\u00ebn e Z. Beleri atje. Duke i ditur lidhjet e tij me qarqet vorio-epirote, por edhe dyshimet p\u00ebr pjes\u00ebmarrjen e tij n\u00eb masakr\u00ebn e Peshk\u00ebpis\u00eb, drejtuesit e opozit\u00ebs nuk duhet t\u00eb kishin pranuar kurr\u00eb nj\u00eb kandidatur\u00eb t\u00eb till\u00eb! Ajo q\u00eb \u00ebsht\u00eb p\u00ebr t\u00eb ardhur keq dhe \u00ebsht\u00eb shum\u00eb skandaloze \u00ebsht\u00eb se \u00ab\u00a0fitorja\u00a0\u00bb e k\u00ebtij kandidati, p\u00ebrve\u00e7 votave t\u00eb blera dhe ato t\u00eb emigrant\u00ebve q\u00eb erdh\u00ebn me autobus\u00eb nga Greqia, u arrit edhe me votat e opozit\u00ebs! P\u00ebrndryshe Z. Beleri nuk do t\u00eb kishte mundur kurr\u00eb t\u00eb fitonte n\u00eb Himar\u00eb.<br>Nga ana tjet\u00ebr qeveria socialiste dhe insitucionet e shtetit shqiptar e lejuan Z. Beleri t\u00eb kandidonte lirisht n\u00eb Himar\u00eb edhe kur ai shfaqej n\u00eb ekrane me flamurin e Vorio-Epirit. Kryeministri i Greqis\u00eb para zgjedhjeve shkoi n\u00eb Himar\u00eb dhe b\u00ebri fushat\u00eb hapur p\u00ebr Fredi Belerin n\u00eb mes t\u00eb flamujve dhe thirrjeve nacionaliste greke. Si ka mund\u00ebsi q\u00eb qeveria shqiptare e lejoi di\u00e7ka t\u00eb till\u00eb? Si ka mund\u00ebsi q\u00eb t\u00eb lejohet kjo n\u00eb nj\u00eb zon\u00eb q\u00eb nuk b\u00ebn pjes\u00eb n\u00eb minoritetin grek?<br>Si ka mund\u00ebsi q\u00eb as opozita dhe as pozita nuk e ndaluan apo nuk k\u00ebrkuan \u00e7regjistrimin e kandidatur\u00ebs s\u00eb Fredi Belerit ? Me sa duket secila pal\u00eb vuri interesat e ngushta politike mbi ato komb\u00ebtare. P\u00ebr fat t\u00eb keq, politika shqiptare nuk e ka sot pjekurin\u00eb q\u00eb t\u00eb arrij\u00eb t\u00eb ket\u00eb konsensus p\u00ebr \u00e7\u00ebshtje madhore komb\u00ebtare, kur sulmohet dhe rrezikohet integriteti komb\u00ebtar.<br>Por \u00e7far\u00eb mund t\u00eb b\u00ebj sot Shqip\u00ebria p\u00ebrball\u00eb k\u00ebtij sulmi shovinist t\u00eb Greqis\u00eb?<br>N\u00eb radh\u00eb t\u00eb par\u00eb do t\u00eb duhej nj\u00eb konsensus politik p\u00ebr k\u00ebt\u00eb \u00e7\u00ebshtje e cila \u00ebsht\u00eb mbi politik\u00ebn. Politika, si pozita dhe opozita, nuk duhet t\u00eb p\u00ebrpiqet t\u00eb ndikoj\u00eb institucionet e drejt\u00ebsis\u00eb t\u00eb cilat duhet t\u00eb vazhdojn\u00eb pun\u00ebn e tyre. Opozita duhet t\u00eb nd\u00ebrgjegj\u00ebsohet q\u00eb ka b\u00ebr\u00eb nj\u00eb gabim me kandidimin e Fredi Belerit dhe t\u00eb b\u00ebj kujdes n\u00eb t\u00eb ardhmen t\u00eb mos p\u00ebrs\u00ebris\u00eb gj\u00ebra t\u00eb tilla. Nj\u00eb prov\u00eb p\u00ebr opozit\u00ebn do t\u00eb jen\u00eb zgjedhjet e p\u00ebrs\u00ebritura q\u00eb mund t\u00eb zhvillohen n\u00eb Himar\u00eb.<br>Kurse qeveria ka p\u00ebrgjegj\u00ebsin\u00eb q\u00eb t\u00eb mos lejoj\u00eb zyrtar\u00ebt grek\u00eb t\u00eb b\u00ebjn\u00eb propagand\u00eb p\u00ebr greqizimin e Shqip\u00ebris\u00eb s\u00eb jugut. Shteti shqiptar duhet t\u00eb denoncoj\u00eb \u00e7do nd\u00ebrhyrje n\u00eb pun\u00ebt e tij t\u00eb brendshme dhe t\u00eb reagoj\u00eb ndaj tyre p\u00ebrball\u00eb Greqis\u00eb.<br>Nga ana tjet\u00ebr shteti shqiptar duhet t\u00eb ndaloj\u00eb menj\u00ebher\u00eb procesin p\u00ebr \u00ab\u00a0Marr\u00ebveshjen e detit\u00a0\u00bb me Greqin\u00eb dhe ta rivler\u00ebsoj\u00eb at\u00eb n\u00eb situat\u00ebn aktuale. N\u00eb fakt, n\u00ebse pranohet zgjerimi i hap\u00ebsir\u00ebs detare t\u00eb Greqis\u00eb nga 6 n\u00eb 12 milje, kjo do t\u00eb thoshte se flota ushtarake greke do t\u00eb kishte mund\u00ebsin\u00eb t\u00eb vendosej p\u00ebrball\u00eb Himar\u00ebs duke sjell\u00eb pasoja t\u00eb r\u00ebnda p\u00ebr sigurin\u00eb komb\u00ebtare t\u00eb Shqip\u00ebris\u00eb.<br>Dhe s\u00eb fundmi, shteti shqiptar duhet t\u00eb p\u00ebrpiqet q\u00eb t\u00eb gjejn\u00eb zgjidhje \u00e7\u00ebshtja e ligjit t\u00eb luft\u00ebs me Greqin\u00eb si dhe ajo e pronave t\u00eb popullsis\u00eb \u00e7ame n\u00eb Greqi e cila u largua me forc\u00eb nga trojet e veta nga ushtria greke n\u00eb vitin 1944. Pa u zgjidhur k\u00ebto dy \u00e7\u00ebshtje, paqja nd\u00ebrmjet dy vendeve nuk do t\u00eb jet\u00eb asnj\u00ebher\u00eb e sigurt.<\/p>\n\n\n\n<p><strong>Xhemil Me\u00e7o<\/strong><\/p>\n\n\n\n<p><\/p>\n","protected":false},"excerpt":{"rendered":"<p>N\u00eb dat\u00ebn 14 gusht u mbajt n\u00eb Himar\u00eb nj\u00eb protest\u00eb p\u00ebr lirimin e Fredi Belerit, i cili [&hellip;]<\/p>\n","protected":false},"author":1,"featured_media":0,"comment_status":"closed","ping_status":"closed","sticky":false,"template":"","format":"standard","meta":[],"categories":[3],"tags":[247,253,199,267,245,268,108],"_links":{"self":[{"href":"http:\/\/www.ballikombetar.org\/index.php\/wp-json\/wp\/v2\/posts\/1188"}],"collection":[{"href":"http:\/\/www.ballikombetar.org\/index.php\/wp-json\/wp\/v2\/posts"}],"about":[{"href":"http:\/\/www.ballikombetar.org\/index.php\/wp-json\/wp\/v2\/types\/post"}],"author":[{"embeddable":true,"href":"http:\/\/www.ballikombetar.org\/index.php\/wp-json\/wp\/v2\/users\/1"}],"replies":[{"embeddable":true,"href":"http:\/\/www.ballikombetar.org\/index.php\/wp-json\/wp\/v2\/comments?post=1188"}],"version-history":[{"count":9,"href":"http:\/\/www.ballikombetar.org\/index.php\/wp-json\/wp\/v2\/posts\/1188\/revisions"}],"predecessor-version":[{"id":1197,"href":"http:\/\/www.ballikombetar.org\/index.php\/wp-json\/wp\/v2\/posts\/1188\/revisions\/1197"}],"wp:attachment":[{"href":"http:\/\/www.ballikombetar.org\/index.php\/wp-json\/wp\/v2\/media?parent=1188"}],"wp:term":[{"taxonomy":"category","embeddable":true,"href":"http:\/\/www.ballikombetar.org\/index.php\/wp-json\/wp\/v2\/categories?post=1188"},{"taxonomy":"post_tag","embeddable":true,"href":"http:\/\/www.ballikombetar.org\/index.php\/wp-json\/wp\/v2\/tags?post=1188"}],"curies":[{"name":"wp","href":"https:\/\/api.w.org\/{rel}","templated":true}]}}