{"id":1084,"date":"2022-12-29T13:42:17","date_gmt":"2022-12-29T12:42:17","guid":{"rendered":"http:\/\/www.ballikombetar.org\/?p=1084"},"modified":"2022-12-29T13:42:17","modified_gmt":"2022-12-29T12:42:17","slug":"shqiperia-te-behet-gati-per-lufte","status":"publish","type":"post","link":"http:\/\/www.ballikombetar.org\/index.php\/2022\/12\/29\/shqiperia-te-behet-gati-per-lufte\/","title":{"rendered":"Shqip\u00ebria t\u00eb b\u00ebhet gati p\u00ebr luft\u00eb!"},"content":{"rendered":"\n<p>Zhvillimet e fundit n\u00eb Kosov\u00eb jan\u00eb tejet shqet\u00ebsuese. Serbia po p\u00ebrdor pakic\u00ebn serbe n\u00eb komunat e veriut t\u00eb Kosov\u00ebs p\u00ebr t\u00eb sfiduar autoritetin e qeveris\u00eb kosovare n\u00eb k\u00ebt\u00eb rajon dhe si p\u00ebrfundim p\u00ebr t\u00eb destabilizuar shtetin e ri kosovar. Nuk \u00ebsht\u00eb kjo di\u00e7ka e re, sepse e dim\u00eb q\u00eb Serbia ka si q\u00ebllim final sabotimin e Pavar\u00ebsis\u00eb s\u00eb Kosov\u00ebs dhe rikthimin n\u00ebn sundimin e saj t\u00eb gjith\u00eb Kosov\u00ebs. N\u00ebse kjo nuk do t\u00eb ishte e mundur do t\u00eb tentonte t\u00eb pakt\u00ebn gjysm\u00ebn e Kosov\u00ebs dhe jo vet\u00ebm komunat e veriut.<br>Por ajo q\u00eb \u00ebsht\u00eb e re n\u00eb k\u00ebt\u00eb situat\u00eb \u00ebsht\u00eb vendosja e nj\u00eb numri t\u00eb madh forcash ushtarake serbe n\u00eb af\u00ebrsi t\u00eb kufirit me Kosov\u00ebn, gj\u00eb e cila duhet marr\u00eb shum\u00eb seriozisht, sepse ka vet\u00ebm nj\u00eb kuptim: p\u00ebrgatitje p\u00ebr nj\u00eb agresion ushtarak.<br>Duket sot ndoshta e pamundur q\u00eb kjo t\u00eb ndodh p\u00ebr shkak t\u00eb pranis\u00eb s\u00eb KFOR-it n\u00eb Kosov\u00eb. Por ka dy element\u00eb q\u00eb nuk duhen harruar. N\u00eb radh\u00eb t\u00eb par\u00eb misioni i KFOR-it n\u00eb Kosov\u00eb \u00ebsht\u00eb ruajtja e paqes dhe jo mbrojtja e Pavar\u00ebsis\u00eb s\u00eb Kosov\u00ebs. Ka nj\u00eb ndryshim t\u00eb vog\u00ebl midis t\u00eb dyjave dhe situata aktuale n\u00eb veri e d\u00ebshmon sot k\u00ebt\u00eb. Kosov\u00ebs sot i k\u00ebrkohet edhe nga aleat\u00ebt e saj t\u00eb pranoj\u00eb asociacionin e komunave serbe, q\u00eb do t\u00eb thot\u00eb delegim i sovranitetit t\u00eb saj p\u00ebr nj\u00eb rajon t\u00eb saj tek nj\u00eb pakic\u00eb. Ky delegim \u00ebsht\u00eb mjaft i rreziksh\u00ebm n\u00eb kushtet kur Serbia nuk e njeh Kosov\u00ebn, sepse nuk ka asnj\u00eb dyshim q\u00eb do t\u00eb p\u00ebrdoret p\u00ebr t\u00eb realizuar objektivat e Serbis\u00eb q\u00eb pam\u00eb m\u00eb sip\u00ebr.<br>Nga ana tjet\u00ebr, situata mund t\u00eb ndryshoj\u00eb n\u00eb muajt e ardhsh\u00ebm edhe p\u00ebr shkak t\u00eb situat\u00ebs nd\u00ebrkomb\u00ebtare. Shihet qart\u00eb se Rusia po shtyn serb\u00ebt q\u00eb t\u00eb hapin nj\u00eb front t\u00eb dyt\u00eb kund\u00ebr Per\u00ebndimit. Dhe k\u00ebta t\u00eb fundit me sa duket po tregohen mjaft t\u00eb gatsh\u00ebm p\u00ebr di\u00e7ka t\u00eb till\u00eb. Si rrjedhim nj\u00eb sulm ndaj Kosov\u00ebs nga ana e ushtris\u00eb serbe, sidomos n\u00eb veri por edhe m\u00eb gjer\u00eb, nuk mund t\u00eb p\u00ebrjashtohet.<br>Esht\u00eb sot e qart\u00eb se dialogu Kosov\u00eb-Serbi ka d\u00ebshtuar, sepse Serbia nuk pranon ta njoh\u00eb Pavar\u00ebsin\u00eb e Kosov\u00ebs. Mjetet diplomatike p\u00ebr t\u00eb bindur Serbin\u00eb thuajse jan\u00eb ezauruar. As prespektiva p\u00ebr hyrjen n\u00eb BE, dhe as ajo e ndihm\u00ebs s\u00eb SHBA p\u00ebr zhvillimin ekonomik t\u00eb Serbis\u00eb q\u00eb do ta transformonte at\u00eb n\u00eb nj\u00eb fuqi ekonomike rajonale, nuk kan\u00eb funksionuar. E vetmja gj\u00eb q\u00eb duket se funksionon me Serbin\u00eb \u00ebsht\u00eb ndihma ushtarake dhe politike ruse p\u00ebr ripushtimin e Kosov\u00ebs. Dhe \u00ebsht\u00eb n\u00eb rrjedh\u00ebn e gj\u00ebrave, sepse Serbia deri tani e ka vonuar njohjen e Kosov\u00ebs vet\u00ebm me k\u00ebt\u00eb q\u00ebllim: pritjen e nj\u00eb situate m\u00eb t\u00eb favorshme nd\u00ebrkomb\u00ebtare ku aleat\u00ebt e saj si Rusia ta ndihmojn\u00eb dhe p\u00ebrkrah\u00ebsit e Pavar\u00ebsis\u00eb s\u00eb Kosov\u00ebs t\u00eb lodhen dhe t\u00eb heqin dor\u00eb. Natyrisht q\u00eb aleat\u00ebt e Kosov\u00ebs nuk do t\u00eb lodhen dhe as do t\u00eb heqin dor\u00eb, sepse nuk jan\u00eb regjime personale q\u00eb t\u00eb ndryshojn\u00eb politikat sipas momentit. Por mbetet q\u00eb Serbia sot ka p\u00ebrkrahjen e plot\u00eb t\u00eb Rusis\u00eb e cila mjafton p\u00ebr t\u2019a inkurajuar q\u00eb t\u2019i futet rrug\u00ebs s\u00eb luft\u00ebs.<br>Sidoqoft\u00eb kur mjetet diplomatike d\u00ebshtojn\u00eb, e vetmja rrug\u00eb mbetet lufta. Megjith\u00eb prezenc\u00ebn e KFOR-it, e cila e ka parandaluar dhe vazhdon ta parandaloj\u00eb k\u00ebt\u00eb luft\u00eb, Kosova duhet t\u00eb b\u00ebhet gati p\u00ebr t\u2019i rezistuar nj\u00eb agresioni ushtarak nga ana e Serbis\u00eb. Ushtria e Kosov\u00ebs, FSK, do t\u00eb ishte n\u00eb vij\u00ebn e par\u00eb t\u00eb fronit. Nuk ka dyshim q\u00eb FSK do ta p\u00ebrballonte nj\u00eb agresion nga ana e Serbis\u00eb. Por ajo do t\u00eb ket\u00eb nevoj\u00eb edhe p\u00ebr ndihm\u00ebn e ushtris\u00eb s\u00eb Shqip\u00ebris\u00eb, sidomos p\u00ebr forcat ajrore dhe mjete t\u00eb tjera t\u00eb cilat sot i ka t\u00eb ndaluara.<br>Kosova dhe Shqip\u00ebria s\u00eb bashku jan\u00eb n\u00eb gjendje ta p\u00ebrballojn\u00eb nj\u00eb agresion t\u00eb Serbis\u00eb dhe p\u00ebr k\u00ebt\u00eb duhet t\u00eb p\u00ebrgatiten s\u00eb bashku. Askush nuk e d\u00ebshiron luft\u00ebn dhe shpesojm\u00eb q\u00eb kjo mos t\u00eb ndodh. Por d\u00ebshira e shqiptar\u00ebve p\u00ebr paqe, nuk e garanton at\u00eb sepse kan\u00eb p\u00ebrball\u00eb nj\u00eb vend shovinist, me nj\u00eb mend\u00ebsi kolonialiste q\u00eb justifikon aktet e tij mizore me legjenda fallco mesjetare, vend i cili nuk do t\u00eb hezitoj\u00eb t\u00eb filloj\u00eb nj\u00eb luft\u00eb t\u00eb re n\u00eb Ballkan, si\u00e7 e tregojn\u00eb edhe situatat e fundit.<br>\u00ab&nbsp;N\u00ebse do paqen, p\u00ebrgatitu p\u00ebr luft\u00eb&nbsp;\u00bb thot\u00eb nj\u00eb fjal\u00eb e vjet\u00ebr latine. Pik\u00ebrisht k\u00ebt\u00eb duhet t\u00eb b\u00ebjn\u00eb sot shqiptar\u00ebt. Serbia nuk iu l\u00eb rrug\u00eb tjet\u00ebr. 7 milion\u00eb Shqiptar\u00eb jan\u00eb n\u00eb gjendje ta p\u00ebrballojn\u00eb agresionin serb dhe t\u00eb ruajn\u00eb tokat q\u00eb u kan\u00eb l\u00ebn\u00eb t\u00eb par\u00ebt. Por nuk duhet t\u00eb presin nga t\u00eb tjer\u00ebt, duhet t\u00eb p\u00ebrgatiten vet\u00eb dhe t\u00eb marrin n\u00eb dor\u00eb fatet e kombit t\u00eb tyre.<\/p>\n\n\n\n<p><strong>Xhemil Me\u00e7o<\/strong><\/p>\n","protected":false},"excerpt":{"rendered":"<p>Zhvillimet e fundit n\u00eb Kosov\u00eb jan\u00eb tejet shqet\u00ebsuese. Serbia po p\u00ebrdor pakic\u00ebn serbe n\u00eb komunat e veriut [&hellip;]<\/p>\n","protected":false},"author":1,"featured_media":0,"comment_status":"closed","ping_status":"closed","sticky":false,"template":"","format":"standard","meta":[],"categories":[3],"tags":[47,71,166],"_links":{"self":[{"href":"http:\/\/www.ballikombetar.org\/index.php\/wp-json\/wp\/v2\/posts\/1084"}],"collection":[{"href":"http:\/\/www.ballikombetar.org\/index.php\/wp-json\/wp\/v2\/posts"}],"about":[{"href":"http:\/\/www.ballikombetar.org\/index.php\/wp-json\/wp\/v2\/types\/post"}],"author":[{"embeddable":true,"href":"http:\/\/www.ballikombetar.org\/index.php\/wp-json\/wp\/v2\/users\/1"}],"replies":[{"embeddable":true,"href":"http:\/\/www.ballikombetar.org\/index.php\/wp-json\/wp\/v2\/comments?post=1084"}],"version-history":[{"count":1,"href":"http:\/\/www.ballikombetar.org\/index.php\/wp-json\/wp\/v2\/posts\/1084\/revisions"}],"predecessor-version":[{"id":1085,"href":"http:\/\/www.ballikombetar.org\/index.php\/wp-json\/wp\/v2\/posts\/1084\/revisions\/1085"}],"wp:attachment":[{"href":"http:\/\/www.ballikombetar.org\/index.php\/wp-json\/wp\/v2\/media?parent=1084"}],"wp:term":[{"taxonomy":"category","embeddable":true,"href":"http:\/\/www.ballikombetar.org\/index.php\/wp-json\/wp\/v2\/categories?post=1084"},{"taxonomy":"post_tag","embeddable":true,"href":"http:\/\/www.ballikombetar.org\/index.php\/wp-json\/wp\/v2\/tags?post=1084"}],"curies":[{"name":"wp","href":"https:\/\/api.w.org\/{rel}","templated":true}]}}