{"id":1048,"date":"2022-10-09T11:13:50","date_gmt":"2022-10-09T09:13:50","guid":{"rendered":"http:\/\/www.ballikombetar.org\/?p=1048"},"modified":"2022-10-09T11:13:50","modified_gmt":"2022-10-09T09:13:50","slug":"vrasja-e-azis-sharres","status":"publish","type":"post","link":"http:\/\/www.ballikombetar.org\/index.php\/2022\/10\/09\/vrasja-e-azis-sharres\/","title":{"rendered":"Vrasja e Azis Sharr\u00ebs"},"content":{"rendered":"\n<p>N&#8217;or\u00ebn 16 t\u00eb dit\u00ebs s\u00eb 8 Tetorit 1943 n\u00eb nj\u00eb rrug\u00eb t\u00eb Vlor\u00ebs, dora tradh\u00ebtare e Komunistave, tradh\u00ebtisht mbas shpine, me gjasht\u00eb plumba shtriu t\u00eb vdekur p\u00ebr tok\u00eb Vullnetarin Nasionalist, q\u00eb militonte n\u00eb rradh\u00ebt e &#8220;Ballit Komb\u00ebtar&#8221;, Aziz Sharr\u00ebn, nga familja e mir\u00ebnjohur patriote Sharra e Vlor\u00ebs.<br>Edhe k\u00ebt\u00eb her\u00eb Komunistat-anarshista me an\u00eb t\u00eb terrorizm\u00ebs, q\u00eb \u00ebsht\u00eb mjeti i tyre kryesor, deshnin t\u00eb sh\u00ebmbnin fuqin&#8217; e Nasionalizmit Shqiptar, por hesapi nuk u dolli.<br>Aziz Sharra ishte nj\u00eb nga t\u00eb rinjt\u00eb m\u00eb t\u00eb fort\u00eb, m\u00eb t\u00eb vendosur dhe m\u00eb trim t\u00eb Vlor\u00ebs. Vullnetar qysh nga dit\u00ebt e para t\u00eb aksioneve kundra armikut pushtonj\u00ebs, kishte l\u00ebn\u00eb sht\u00ebpin\u00eb dhe t\u00eb dashurit e tij, kishte hedhur pushk\u00ebn n\u00eb krah dhe n\u00ebp\u00ebr malet kreshnike t\u00eb qarkut t&#8217;on\u00eb kishte luftuar trim\u00ebrisht kundra ushtris\u00eb italjane. N\u00eb Mifol, n\u00eb aksionin e madh q\u00eb \u00e7eta e Ballit Komb\u00ebtar e Topalltis\u00eb kreu p\u00ebr \u00e7armatimin e armikut, luftoi si luan n\u00eb vij\u00ebn e zjarrit p\u00ebr n\u00ebnd\u00eb or\u00eb rresht.<br>Zem\u00ebr past\u00ebr, sy patr\u00ebmbur, Azizi kishte p\u00ebrqafuar idealin komb\u00ebtar me dashuri p\u00ebrv\u00eblonj\u00ebse. Komunistat, duke njohur cil\u00ebsit&#8217; e k\u00ebtij trimi nasionalist, Komunistat, q\u00eb kan\u00eb vendosur n\u00eb shpirtin katran t\u00eb tyre \u00e7farrosjen e popullit Shqiptar, Komunistat, q\u00eb kan\u00eb ndjenja dhe mentalitetet aziatik, Komunistat, thomi, shtin\u00eb pa m\u00ebshir\u00eb dhe e vran\u00eb kur ishte bashk\u00eb me vullnetarin tjet\u00ebr nasionalist, Hasan Brahimin nga Lepenica, trimi i aksioneve t\u00eb Greshis\u00ebs dhe Selenic\u00ebs, i cili mbeti i plagosur leht\u00eb n\u00eb k\u00ebt\u00eb atentat.<br>M\u00eb 1913 Ceno Sharra u vra prej rrebelave tradh\u00ebtar\u00eb n\u00eb Durr\u00ebs; me 1943 Aziz Sharra u vra prej komunistave anarshist\u00eb n\u00eb Vlor\u00eb. Nasionalizmi Shqiptar gjunj\u00ebzohet sot p\u00ebrpara gjakut t\u00eb d\u00ebshmorit Aziz Sharra, sot m\u00eb tep\u00ebr se kurdoher\u00eb, m\u00eb i fort\u00eb, m\u00eb i bashkuar dhe m\u00eb i vendosur p\u00ebr \u00e7farosjen e anarshis\u00eb dhe p\u00ebr shp\u00ebtimin e Atdheut.<br>Ne apelohemi p\u00ebrpara popullit. Kemi predikuar bashkimin dhe vllaz\u00ebnimin e t\u00eb gjith\u00eb Shqiptar\u00ebve ; i kemi treguar vazhdimisht popullit Vlonjat q\u00ebllimet satanike t\u00eb komunistave, q\u00eb k\u00ebrkojn\u00eb sh\u00ebmbjen e Shqip\u00ebris\u00eb. Komunistat thirrjes s&#8217;on\u00eb vllaz\u00ebrore i u p\u00ebrgjegj\u00ebn me plumb e me gjak.<br>Popull i Vlor\u00ebs mendo : durimi i yn\u00eb sot mori fund : tmerrit i p\u00ebrgjigjemi me tmerr !<\/p>\n\n\n\n<p><br>RROFT\u00cb SHQIP\u00cbRIJA! <\/p>\n\n\n\n<p><strong>10 Tetor 1943.<\/strong><\/p>\n","protected":false},"excerpt":{"rendered":"<p>N&#8217;or\u00ebn 16 t\u00eb dit\u00ebs s\u00eb 8 Tetorit 1943 n\u00eb nj\u00eb rrug\u00eb t\u00eb Vlor\u00ebs, dora tradh\u00ebtare e Komunistave, [&hellip;]<\/p>\n","protected":false},"author":1,"featured_media":0,"comment_status":"closed","ping_status":"closed","sticky":false,"template":"","format":"standard","meta":[],"categories":[22],"tags":[89,36,223,82],"_links":{"self":[{"href":"http:\/\/www.ballikombetar.org\/index.php\/wp-json\/wp\/v2\/posts\/1048"}],"collection":[{"href":"http:\/\/www.ballikombetar.org\/index.php\/wp-json\/wp\/v2\/posts"}],"about":[{"href":"http:\/\/www.ballikombetar.org\/index.php\/wp-json\/wp\/v2\/types\/post"}],"author":[{"embeddable":true,"href":"http:\/\/www.ballikombetar.org\/index.php\/wp-json\/wp\/v2\/users\/1"}],"replies":[{"embeddable":true,"href":"http:\/\/www.ballikombetar.org\/index.php\/wp-json\/wp\/v2\/comments?post=1048"}],"version-history":[{"count":1,"href":"http:\/\/www.ballikombetar.org\/index.php\/wp-json\/wp\/v2\/posts\/1048\/revisions"}],"predecessor-version":[{"id":1049,"href":"http:\/\/www.ballikombetar.org\/index.php\/wp-json\/wp\/v2\/posts\/1048\/revisions\/1049"}],"wp:attachment":[{"href":"http:\/\/www.ballikombetar.org\/index.php\/wp-json\/wp\/v2\/media?parent=1048"}],"wp:term":[{"taxonomy":"category","embeddable":true,"href":"http:\/\/www.ballikombetar.org\/index.php\/wp-json\/wp\/v2\/categories?post=1048"},{"taxonomy":"post_tag","embeddable":true,"href":"http:\/\/www.ballikombetar.org\/index.php\/wp-json\/wp\/v2\/tags?post=1048"}],"curies":[{"name":"wp","href":"https:\/\/api.w.org\/{rel}","templated":true}]}}